{"id":10177,"date":"2022-11-14T15:51:23","date_gmt":"2022-11-14T20:51:23","guid":{"rendered":"https:\/\/red360digital.com\/?p=10177"},"modified":"2022-11-14T20:51:32","modified_gmt":"2022-11-14T20:51:32","slug":"mexico-prepara-hermoso-desfile-por-112-aniversario-de-la-revolucion","status":"publish","type":"post","link":"https:\/\/red360digital.com\/?p=10177","title":{"rendered":"M\u00e9xico prepara hermoso desfile por 112 aniversario de la Revoluci\u00f3n"},"content":{"rendered":"<h4 style=\"text-align: center;\">El 20 de noviembre es fecha patria muy reconocida por el pueblo pues ese d\u00eda, hace 112 a\u00f1os, se inici\u00f3 la Revoluci\u00f3n Mexicana encabezada por los personajes hist\u00f3ricos m\u00e1s actuales de la naci\u00f3n.<\/h4>\n<p>Entre ellos resaltan figuras imprescindibles como Francisco I. Madero, Emiliano Zapata, Francisco Villa, \u00c1lvaro Obreg\u00f3n, y otros muchos, sin los cuales la revoluci\u00f3n hubiera sido imposible.<\/p>\n<p>Con el objetivo de rememorar la historia escrita por esos hombres y la heroicidad en su larga y dura batalla por la independencia y soberan\u00eda de M\u00e9xico, comenz\u00f3 este lunes una semana intensa de preparativos de la festividad en la cual tienen un papel protag\u00f3nico no solamente los gobiernos federal y locales, sino tambi\u00e9n las comandancias de las fuerzas armadas encargadas del desfile conmemorativo.<\/p>\n<p>Las secretar\u00edas de Defensa, Marina y Guardia Nacional -aunque de reciente creaci\u00f3n- adelantaron ya en lo que trabajan para honrar a los h\u00e9roes y m\u00e1rtires de aquella grandiosa gesta que se mantiene de forma permanente en la retina y el alma de los mexicanos.<\/p>\n<p>Ciudad de M\u00e9xico ser\u00e1 el escenario en el que miles de soldados de las tres armas, ataviados como revolucionarios, ind\u00edgenas, adelitas y los personajes hist\u00f3ricos m\u00e1s significativos, participar\u00e1n en el desfile en el que se tiene la intenci\u00f3n de destacar la participaci\u00f3n femenina, indicaron sus organizadores.<\/p>\n<p>De esa manera el desfile ser\u00e1 esencialmente una representaci\u00f3n de distintos momentos de la gesta revolucionaria para lo cual tiene escogidos escenarios como el Z\u00f3calo, la calle 5 de Mayo y el Paseo de la Reforma.<\/p>\n<p>Seg\u00fan el anuncio de los organizadores, primero se realizara una ceremonia en la que se entregar\u00e1n reconocimientos a integrantes del Ej\u00e9rcito, la Fuerza A\u00e9rea, la Armada y elementos de la Guardia Nacional, luego los discursos del secretario de la Defensa Nacional, general Luis Cresencio Sandoval y el presidente Andr\u00e9s Manuel L\u00f3pez Obrador.<\/p>\n<p>Inmediatamente una presentaci\u00f3n musical acompa\u00f1ada de escenas que llevaron a la revoluci\u00f3n y el posterior triunfo de los opositores al gobierno de Porfirio D\u00edaz. M\u00e1s de 100 m\u00fasicos e integrantes del coro de la Sedena aderezar\u00e1n el paso de los contingentes con canciones de la \u00e9poca revolucionaria y sus famosos corridos.<\/p>\n<p>La banda de m\u00fasica y los coros de Sedena interpretar\u00e1n corridos como La Adelita, Carabina 30-30, El barz\u00f3n, La toma de Zacatecas, Felipe \u00c1ngeles, La Valentina, General Emiliano Zapata.<\/p>\n<p>En el desfile participar\u00e1n m\u00e1s de siete mil integrantes de las fuerzas armadas y dos mil ser\u00e1n mujeres, y mil 400 jinetes con briosos caballos, 131 veh\u00edculos militares con representaciones de momentos hist\u00f3ricos y tambi\u00e9n contempor\u00e1neos y recorrer\u00e1n las calles 25 autom\u00f3viles de la \u00e9poca revolucionaria.<\/p>\n","protected":false},"excerpt":{"rendered":"<p>El 20 de noviembre es fecha patria muy reconocida por el pueblo pues ese d\u00eda, hace 112 a\u00f1os, se inici\u00f3 la Revoluci\u00f3n Mexicana encabezada por los personajes hist\u00f3ricos m\u00e1s actuales de la naci\u00f3n. Entre ellos resaltan figuras imprescindibles como Francisco I. Madero, Emiliano Zapata, Francisco Villa, \u00c1lvaro Obreg\u00f3n, y otros muchos, sin los cuales la [&hellip;]<\/p>\n","protected":false},"author":1,"featured_media":10179,"comment_status":"open","ping_status":"closed","sticky":false,"template":"","format":"standard","meta":{"footnotes":""},"categories":[2,7],"tags":[],"class_list":["post-10177","post","type-post","status-publish","format-standard","has-post-thumbnail","hentry","category-cultural","category-nacional"],"_links":{"self":[{"href":"https:\/\/red360digital.com\/index.php?rest_route=\/wp\/v2\/posts\/10177","targetHints":{"allow":["GET"]}}],"collection":[{"href":"https:\/\/red360digital.com\/index.php?rest_route=\/wp\/v2\/posts"}],"about":[{"href":"https:\/\/red360digital.com\/index.php?rest_route=\/wp\/v2\/types\/post"}],"author":[{"embeddable":true,"href":"https:\/\/red360digital.com\/index.php?rest_route=\/wp\/v2\/users\/1"}],"replies":[{"embeddable":true,"href":"https:\/\/red360digital.com\/index.php?rest_route=%2Fwp%2Fv2%2Fcomments&post=10177"}],"version-history":[{"count":0,"href":"https:\/\/red360digital.com\/index.php?rest_route=\/wp\/v2\/posts\/10177\/revisions"}],"wp:featuredmedia":[{"embeddable":true,"href":"https:\/\/red360digital.com\/index.php?rest_route=\/wp\/v2\/media\/10179"}],"wp:attachment":[{"href":"https:\/\/red360digital.com\/index.php?rest_route=%2Fwp%2Fv2%2Fmedia&parent=10177"}],"wp:term":[{"taxonomy":"category","embeddable":true,"href":"https:\/\/red360digital.com\/index.php?rest_route=%2Fwp%2Fv2%2Fcategories&post=10177"},{"taxonomy":"post_tag","embeddable":true,"href":"https:\/\/red360digital.com\/index.php?rest_route=%2Fwp%2Fv2%2Ftags&post=10177"}],"curies":[{"name":"wp","href":"https:\/\/api.w.org\/{rel}","templated":true}]}}