{"id":10192,"date":"2022-11-15T15:24:12","date_gmt":"2022-11-15T20:24:12","guid":{"rendered":"https:\/\/red360digital.com\/?p=10192"},"modified":"2022-11-15T20:24:22","modified_gmt":"2022-11-15T20:24:22","slug":"mexico-alcanzo-un-maximo-historico-de-mas-de-un-millon-de-empleos-creados-en-lo-que-va-del-ano-imss","status":"publish","type":"post","link":"https:\/\/red360digital.com\/?p=10192","title":{"rendered":"M\u00e9xico alcanz\u00f3 un m\u00e1ximo hist\u00f3rico de m\u00e1s de un mill\u00f3n de empleos creados en lo que va del a\u00f1o: IMSS"},"content":{"rendered":"<p>La econom\u00eda de M\u00e9xico super\u00f3 el mill\u00f3n de<strong>\u00a0empleos formales<\/strong>\u00a0creados en lo que va de 2022, con lo que alcanz\u00f3 un m\u00e1ximo hist\u00f3rico de\u00a0<strong>puestos<\/strong>, inform\u00f3 este martes el Instituto Mexicano del Seguro Social (<strong>IMSS<\/strong>).<\/p>\n<p>\u201cS\u00f3lo en lo que va de 2022, de enero de 2022 al 13 de noviembre de este mismo a\u00f1o, ya se han creado m\u00e1s de un\u00a0<strong>mill\u00f3n<\/strong>\u00a0de\u00a0<strong>empleos<\/strong>\u00a0en el pa\u00eds\u201d, indic\u00f3\u00a0<strong>Zo\u00e9 Robledo<\/strong>, director general del\u00a0<strong>IMSS<\/strong>, en la conferencia matutina del presidente Andr\u00e9s Manuel L\u00f3pez Obrador.<\/p>\n<p>El titular del\u00a0<strong>IMSS<\/strong>, a cargo de registrar el\u00a0<strong>empleo<\/strong>\u00a0formal en el pa\u00eds, record\u00f3 que en octubre de 2021 M\u00e9xico hab\u00eda recuperado los\u00a0<strong>empleos<\/strong>\u00a0que se perdieron durante la pandemia de la<strong>\u00a0Covid-19.<\/strong><\/p>\n<p><strong>M\u00e9xico<\/strong>\u00a0ten\u00eda 20.6 millones de\u00a0<strong>trabajadores<\/strong>\u00a0formales registrados en el\u00a0<strong>IMSS<\/strong>\u00a0en febrero de 2020, pero perdi\u00f3 casi 1.19 millones de\u00a0<strong>puestos<\/strong>\u00a0formales entre marzo y julio de 2020.<\/p>\n<p>Robledo expuso que el pa\u00eds recobr\u00f3 los\u00a0<strong>empleos<\/strong>\u00a0perdidos en octubre de 2021, cuando el IMSS registr\u00f3 casi 20.77 millones y ahora hay un registro hist\u00f3rico de 21.65 millones de\u00a0<strong>puestos<\/strong>.<\/p>\n<p>\u201cVamos a tener ya en\u00a0<strong>empleo<\/strong>\u00a0m\u00e1s de un mill\u00f3n este a\u00f1o, de los excedentes de\u00a0<strong>empleo<\/strong>\u00a0despu\u00e9s de la pandemia\u201d, resalt\u00f3 el presidente Andr\u00e9s Manuel L\u00f3pez Obrador durante la conferencia en Palacio Nacional.<\/p>\n<p>El mandatario dio estos datos al defender la pol\u00edtica macroecon\u00f3mica de su gobierno.<\/p>\n<p>Pero aunque el\u00a0<strong>IMSS<\/strong>\u00a0es el principal indicador del trabajo formal en M\u00e9xico, el Instituto Nacional de Estad\u00edstica y Geograf\u00eda (<strong>Inegi<\/strong>) revel\u00f3 en su \u00faltima encuesta de empleo que casi seis de cada 10 mexicanos laboran en el\u00a0<strong>sector informal.<\/strong><\/p>\n<p><strong>L\u00f3pez Obrador\u00a0<\/strong>tambi\u00e9n report\u00f3 un incremento en 4% de los ingresos del gobierno en t\u00e9rminos reales en lo que va del a\u00f1o hasta 4.06 billones de pesos (unos 203 mil millones de d\u00f3lares).<\/p>\n<p>Reconoci\u00f3 que los ingresos tributarios han ca\u00eddo 0.7% en particular por el subsidio de m\u00e1s de 300 mil millones de pesos al impuesto especial sobre producci\u00f3n y servicios (<strong>IEPS<\/strong>) que pagan las gasolinas<a href=\"http:\/\/www.imss.gob.mx\/\">.<\/a><\/p>\n","protected":false},"excerpt":{"rendered":"<p>La econom\u00eda de M\u00e9xico super\u00f3 el mill\u00f3n de\u00a0empleos formales\u00a0creados en lo que va de 2022, con lo que alcanz\u00f3 un m\u00e1ximo hist\u00f3rico de\u00a0puestos, inform\u00f3 este martes el Instituto Mexicano del Seguro Social (IMSS). \u201cS\u00f3lo en lo que va de 2022, de enero de 2022 al 13 de noviembre de este mismo a\u00f1o, ya se han [&hellip;]<\/p>\n","protected":false},"author":1,"featured_media":10194,"comment_status":"open","ping_status":"closed","sticky":false,"template":"","format":"standard","meta":{"footnotes":""},"categories":[7,9],"tags":[],"class_list":["post-10192","post","type-post","status-publish","format-standard","has-post-thumbnail","hentry","category-nacional","category-politica"],"_links":{"self":[{"href":"https:\/\/red360digital.com\/index.php?rest_route=\/wp\/v2\/posts\/10192","targetHints":{"allow":["GET"]}}],"collection":[{"href":"https:\/\/red360digital.com\/index.php?rest_route=\/wp\/v2\/posts"}],"about":[{"href":"https:\/\/red360digital.com\/index.php?rest_route=\/wp\/v2\/types\/post"}],"author":[{"embeddable":true,"href":"https:\/\/red360digital.com\/index.php?rest_route=\/wp\/v2\/users\/1"}],"replies":[{"embeddable":true,"href":"https:\/\/red360digital.com\/index.php?rest_route=%2Fwp%2Fv2%2Fcomments&post=10192"}],"version-history":[{"count":0,"href":"https:\/\/red360digital.com\/index.php?rest_route=\/wp\/v2\/posts\/10192\/revisions"}],"wp:featuredmedia":[{"embeddable":true,"href":"https:\/\/red360digital.com\/index.php?rest_route=\/wp\/v2\/media\/10194"}],"wp:attachment":[{"href":"https:\/\/red360digital.com\/index.php?rest_route=%2Fwp%2Fv2%2Fmedia&parent=10192"}],"wp:term":[{"taxonomy":"category","embeddable":true,"href":"https:\/\/red360digital.com\/index.php?rest_route=%2Fwp%2Fv2%2Fcategories&post=10192"},{"taxonomy":"post_tag","embeddable":true,"href":"https:\/\/red360digital.com\/index.php?rest_route=%2Fwp%2Fv2%2Ftags&post=10192"}],"curies":[{"name":"wp","href":"https:\/\/api.w.org\/{rel}","templated":true}]}}