{"id":10267,"date":"2022-11-18T15:40:00","date_gmt":"2022-11-18T20:40:00","guid":{"rendered":"https:\/\/red360digital.com\/?p=10267"},"modified":"2022-11-18T20:40:14","modified_gmt":"2022-11-18T20:40:14","slug":"mexico-teje-los-hilos-de-una-politica-a-favor-de-comunidades-ancestrales","status":"publish","type":"post","link":"https:\/\/red360digital.com\/?p=10267","title":{"rendered":"M\u00e9xico teje los hilos de una pol\u00edtica a favor de comunidades ancestrales"},"content":{"rendered":"<h4 style=\"text-align: center;\">Cientos de artesanos textiles de todas las culturas ancestrales de M\u00e9xico exponen sus dise\u00f1os hasta el domingo durante una \u00absemana de la moda\u00bb celebrada en la capital por iniciativa del gobierno, que teje los hilos de su pol\u00edtica a favor de comunidades pobres.<\/h4>\n<p>\u00abHuipiles\u00bb (blusas tradicionales) de los tsotsiles de Chiapas (sureste), patrones bordados de Michoac\u00e1n (oeste), \u00abguayabera\u00bb (camisa entallada para hombres sobriamente bordada) de Oaxaca (sur): el primero de los siete desfiles de la noche del jueves marc\u00f3 la pauta de la segunda edici\u00f3n de \u00abOriginal, el encuentro del arte textil mexicano\u00bb.<\/p>\n<p>Entre los expositores, Carlos Alberto Delgado Mart\u00ednez lleg\u00f3 como vecino del estado de M\u00e9xico para revelar los secretos de su arte. \u00abLa elaboraci\u00f3n de cada producto es un legado de nuestros antepasados. Cada prenda tiene un significado. Cada bordado tiene una explicaci\u00f3n\u00bb, dice.<\/p>\n<p>Unos 500 artesanos se anuncian en la pasarela y en los pasillos del centro cultural de Los Pinos, la antigua residencia oficial de los presidentes, reabierta al p\u00fablico en 2019, cuando lleg\u00f3 al poder Andr\u00e9s Manuel L\u00f3pez Obrador (izquierda nacionalista).<\/p>\n<p>Al igual que en la primera edici\u00f3n de 2021, \u00abOriginal\u00bb pretende combatir el regateo de precios, la apropiaci\u00f3n cultural y el \u00abplagio\u00bb de patrones y bordados de artesanos mexicanos por parte de las principales casas de moda.<\/p>\n<p>\u00abNo nos oponemos a que (nd: las grandes casas de moda) utilicen los dise\u00f1os de origen prehisp\u00e1nico\u00bb, dijo el presidente L\u00f3pez Obrador en su habitual rueda de prensa diaria este viernes. \u00abPero que reconozcan su trabajo intelectual, su creatividad, que no haya plagio, que lleguen a un acuerdo con los creadores\u00bb.<\/p>\n<p>\u00abOriginal\u00bb es la vitrina cultural de una pol\u00edtica gubernamental que pretende romper con \u00ab36 a\u00f1os de neoliberalismo\u00bb y la \u00abmafia del poder\u00bb, en beneficio de los m\u00e1s pobres, a menudo pertenecientes a las comunidades ind\u00edgenas.<\/p>\n<p>\u00abEl gobierno mexicano tiene una pol\u00edtica de dignificaci\u00f3n de los pueblos originarios, de los pueblos ind\u00edgenas\u00bb, dijo a la AFP el vocero del presidente, Jes\u00fas Ram\u00edrez Cuevas, uno de los art\u00edfices de la \u00ab4T\u00bb, la cuarta transformaci\u00f3n que pretende llevar a cabo L\u00f3pez Obrador tras las de la independencia de 1821, las reformas liberales de 1857 y la Revoluci\u00f3n de 1910-1917.<\/p>\n<p>\u00abM\u00e9xico no ser\u00eda lo que es sin sus pueblos ind\u00edgenas. Es hora de que jueguen un papel central en la construcci\u00f3n de la identidad (del pa\u00eds)\u00bb, agrega. \u00abHoy reconocemos su arte, el arte popular de la tradici\u00f3n, que se conjuga con la modernidad\u00bb. \u00abSabemos tambi\u00e9n que las regiones ind\u00edgenas son regiones muy pobres. Por primera vez llegan programas de asistencia social a estos lugares\u00bb, destaca en alusi\u00f3n al programa \u00abSembrando vida\u00bb, que consiste en replantar \u00e1rboles.<\/p>\n<h2>Arte \u00abvivo\u00bb<\/h2>\n<p>La Secretar\u00eda de Cultura aboga por \u00abprincipios de colaboraci\u00f3n \u00e9tica\u00bb: trabajo sin intermediarios con los artesanos comunitarios, respeto a la propiedad intelectual colectiva, reconocimiento a los creadores y su cultura&#8230;<\/p>\n<p>La responsable de la cartera, Alejandra Frausto, encabeza otra lucha contra la subasta de objetos prehisp\u00e1nicos en Europa.<\/p>\n<p>\u00abEl patrimonio de M\u00e9xico no es un art\u00edculo de lujo. Ya hemos repatriado cerca de 10.000 piezas\u00bb, dijo la ministra.<\/p>\n<p>\u00ab\u00bfQuieres comprar algo de arte mexicano? Compra este que est\u00e1 vivo\u00bb, concluye, se\u00f1alando a las modelos que terminan su desfile.<\/p>\n<p>Otros sectores culturales han expresado su malestar tras los recortes presupuestarios operados por el gobierno de L\u00f3pez Obrador desde fines de 2018.<\/p>\n<p>\u00abNo se trata de negar la expresi\u00f3n art\u00edstica de nadie. Todos pueden convivir. Pero todos tienen el mismo nivel. No hay un arte erudito y un arte popular, despreciado\u00bb, afirma el vocero presidencial Jes\u00fas Ram\u00edrez.<\/p>\n","protected":false},"excerpt":{"rendered":"<p>Cientos de artesanos textiles de todas las culturas ancestrales de M\u00e9xico exponen sus dise\u00f1os hasta el domingo durante una \u00absemana de la moda\u00bb celebrada en la capital por iniciativa del gobierno, que teje los hilos de su pol\u00edtica a favor de comunidades pobres. \u00abHuipiles\u00bb (blusas tradicionales) de los tsotsiles de Chiapas (sureste), patrones bordados de [&hellip;]<\/p>\n","protected":false},"author":1,"featured_media":10269,"comment_status":"open","ping_status":"closed","sticky":false,"template":"","format":"standard","meta":{"footnotes":""},"categories":[2,4,7],"tags":[],"class_list":["post-10267","post","type-post","status-publish","format-standard","has-post-thumbnail","hentry","category-cultural","category-espectaculos","category-nacional"],"_links":{"self":[{"href":"https:\/\/red360digital.com\/index.php?rest_route=\/wp\/v2\/posts\/10267","targetHints":{"allow":["GET"]}}],"collection":[{"href":"https:\/\/red360digital.com\/index.php?rest_route=\/wp\/v2\/posts"}],"about":[{"href":"https:\/\/red360digital.com\/index.php?rest_route=\/wp\/v2\/types\/post"}],"author":[{"embeddable":true,"href":"https:\/\/red360digital.com\/index.php?rest_route=\/wp\/v2\/users\/1"}],"replies":[{"embeddable":true,"href":"https:\/\/red360digital.com\/index.php?rest_route=%2Fwp%2Fv2%2Fcomments&post=10267"}],"version-history":[{"count":0,"href":"https:\/\/red360digital.com\/index.php?rest_route=\/wp\/v2\/posts\/10267\/revisions"}],"wp:featuredmedia":[{"embeddable":true,"href":"https:\/\/red360digital.com\/index.php?rest_route=\/wp\/v2\/media\/10269"}],"wp:attachment":[{"href":"https:\/\/red360digital.com\/index.php?rest_route=%2Fwp%2Fv2%2Fmedia&parent=10267"}],"wp:term":[{"taxonomy":"category","embeddable":true,"href":"https:\/\/red360digital.com\/index.php?rest_route=%2Fwp%2Fv2%2Fcategories&post=10267"},{"taxonomy":"post_tag","embeddable":true,"href":"https:\/\/red360digital.com\/index.php?rest_route=%2Fwp%2Fv2%2Ftags&post=10267"}],"curies":[{"name":"wp","href":"https:\/\/api.w.org\/{rel}","templated":true}]}}