{"id":10315,"date":"2022-11-20T12:24:40","date_gmt":"2022-11-20T17:24:40","guid":{"rendered":"https:\/\/red360digital.com\/?p=10315"},"modified":"2022-11-19T17:26:03","modified_gmt":"2022-11-19T17:26:03","slug":"la-policia-local-abordara-en-un-foro-internacional-sus-principales-retos-y-amenazas-en-los-proximos-anos","status":"publish","type":"post","link":"https:\/\/red360digital.com\/?p=10315","title":{"rendered":"La Polic\u00eda Local abordar\u00e1 en un foro internacional sus \u00abprincipales retos y amenazas\u00bb en los pr\u00f3ximos a\u00f1os"},"content":{"rendered":"<p class=\"selectionShareable\">La Fundaci\u00f3 Protegir VLC ha organizado un foro internacional en el que ciudades de diferentes pa\u00edses reflexionar\u00e1n sobre los \u00abprincipales retos y amenazas\u00bb a las que se enfrentar\u00e1n en los pr\u00f3ximos a\u00f1os. Este encuentro para la reflexi\u00f3n sobre seguridad y convivencia en las ciudades se celebrar\u00e1 los pr\u00f3ximos 1 y 2 de diciembre en el Palacio de Congresos de Val\u00e8ncia.<\/p>\n<p class=\"selectionShareable\">El encuentro contar\u00e1 con la participaci\u00f3n de una \u00abamplia\u00bb representaci\u00f3n de responsables policiales, judiciales y expertos en seguridad que abordar\u00e1n desaf\u00edos como las consecuencias en la seguridad de las ciudades del panorama internacional, amenazas globales y locales, la seguridad en un mundo virtual o las nuevas exigencias \u00e9ticas para la Polic\u00eda del siglo XXI, seg\u00fan ha informado el Ayuntamiento de Val\u00e8ncia en un comunicado.<\/p>\n<p class=\"selectionShareable\">\u00abEs importante que reflexionemos sobre las nuevas amenazas y la forma de abordarlas conjuntamente con otros pa\u00edses\u00bb, ha destacado el concejal de Protecci\u00f3n Ciudadana y presidente de la Fundaci\u00f3 Protegir VLC, Aar\u00f3n Cano, que ha defendido que en un mundo \u00abtan globalizado\u00bb, los retos \u00abdebemos afrontarlos conjuntamente\u00bb.<\/p>\n<p class=\"selectionShareable\">Cano ha se\u00f1alado que estos encuentros, que proyectan a Val\u00e8ncia como una referencia en la reflexi\u00f3n sobre la seguridad y la convivencia en las grandes ciudades, concluir\u00e1n con una gu\u00eda de buenas pr\u00e1cticas policiales.<\/p>\n<p class=\"selectionShareable\">Por su parte, el comisario principal jefe de la Polic\u00eda Local de Val\u00e8ncia, Jos\u00e9 Vicente Herrera, ha indicado que la Polic\u00eda \u00abno puede ser nunca una instituci\u00f3n herm\u00e9tica ni cerrada, tiene que ser din\u00e1mica y dar respuesta a los problemas que tiene la ciudadan\u00eda\u00bb.<\/p>\n<p class=\"selectionShareable\">Sobre la necesidad de un encuentro que celebra su primera edici\u00f3n con la presencia de responsables y expertos procedentes de pa\u00edses como Estados Unidos, Francia, Alemania o representantes de Europol, ha apuntado que nuestra sociedad \u00abha cambiado geoestrat\u00e9gicamente con nuevas amenazas, riesgos, necesidades, exigencias, y, por tanto, es importante que los responsables policiales nos dediquemos un espacio de tiempo para reflexionar, para ver qu\u00e9 es lo que cambia y ajustar nuestro trabajo a las necesidades de la ciudadan\u00eda\u00bb.<\/p>\n<h2>Foro internacional<\/h2>\n<p class=\"selectionShareable\">El alcalde de Val\u00e8ncia, Joan Rib\u00f3, inaugurar\u00e1 este encuentro junto a la delegada del Gobierno en la Comunitat Valenciana, Pilar Bernab\u00e9, la consellera de Justicia, Interior y Administraciones P\u00fablicas de la Generalitat Valenciana, Gabriela Bravo y el concejal de Protecci\u00f3n Ciudadana, Aar\u00f3n Cano.<\/p>\n<p class=\"selectionShareable\">La catedr\u00e1tica em\u00e9rita de filosof\u00eda moral y pol\u00edtica Adela Cortina impartir\u00e1 la conferencia inaugural y el teniente general del Ej\u00e9rcito de Tierra, Francisco Jos\u00e9 Gan Pampols, abordar\u00e1 una conferencia sobre las consecuencias del panorama internacional sobre la seguridad de las ciudades.<\/p>\n<p class=\"selectionShareable\">\u00abEl foro va a ser importante porque no pretende una reflexi\u00f3n te\u00f3rica sobre nuestros retos y amenazas, se trata de un espacio que debe ser \u00fatil para todas los asistentes a las jornadas, es un foro en el que se va a abordar la seguridad de las ciudades ante las nuevas amenazas\u00bb, ha a\u00f1adido Cano.<\/p>\n<p class=\"selectionShareable\">En el mismo participar\u00e1n jefes de polic\u00eda de ciudades como Madrid, Barcelona, Sevilla, Zaragoza, Murcia, Palma de Mallorca, Castell\u00f3n o Albacete, generales de la Guardia Civil, investigadores del Real Instituto Elcano, profesores universitarios o responsables policiales de ciudades como Londres o Nueva York.<\/p>\n<p class=\"selectionShareable\">Del encuentro, saldr\u00e1n unas recomendaciones, una gu\u00eda de buenas pr\u00e1cticas y tambi\u00e9n unas conclusiones que se traducir\u00e1n en unas expectativas desde el punto de vista operativo y otras normativas que se elevar\u00e1n a los lugares correspondientes, al Ministerio del Interior o al Parlamento para su traducci\u00f3n en nuevas normas, nuevas recomendaciones o nuevas pautas a seguir para que \u00abel servicio a la ciudadan\u00eda sea mejor\u00bb, ha destacado el jefe de la Polic\u00eda Local de Val\u00e8ncia.<\/p>\n<p class=\"selectionShareable\">La Fundaci\u00f3 Protegir VLC ha participado y organizado diferentes actividades acad\u00e9micas y formativas para la Polic\u00eda Local de Val\u00e8ncia y Bomberos del Ayuntamiento de Val\u00e8ncia este a\u00f1o con el fin de que sean de utilidad para ambos cuerpos porque \u00abla formaci\u00f3n constante es necesaria para dar el mejor servicio a la ciudadan\u00eda\u00bb.<\/p>\n","protected":false},"excerpt":{"rendered":"<p>La Fundaci\u00f3 Protegir VLC ha organizado un foro internacional en el que ciudades de diferentes pa\u00edses reflexionar\u00e1n sobre los \u00abprincipales retos y amenazas\u00bb a las que se enfrentar\u00e1n en los pr\u00f3ximos a\u00f1os. Este encuentro para la reflexi\u00f3n sobre seguridad y convivencia en las ciudades se celebrar\u00e1 los pr\u00f3ximos 1 y 2 de diciembre en el [&hellip;]<\/p>\n","protected":false},"author":1,"featured_media":10317,"comment_status":"open","ping_status":"closed","sticky":false,"template":"","format":"standard","meta":{"footnotes":""},"categories":[5,8],"tags":[],"class_list":["post-10315","post","type-post","status-publish","format-standard","has-post-thumbnail","hentry","category-internacional","category-policia"],"_links":{"self":[{"href":"https:\/\/red360digital.com\/index.php?rest_route=\/wp\/v2\/posts\/10315","targetHints":{"allow":["GET"]}}],"collection":[{"href":"https:\/\/red360digital.com\/index.php?rest_route=\/wp\/v2\/posts"}],"about":[{"href":"https:\/\/red360digital.com\/index.php?rest_route=\/wp\/v2\/types\/post"}],"author":[{"embeddable":true,"href":"https:\/\/red360digital.com\/index.php?rest_route=\/wp\/v2\/users\/1"}],"replies":[{"embeddable":true,"href":"https:\/\/red360digital.com\/index.php?rest_route=%2Fwp%2Fv2%2Fcomments&post=10315"}],"version-history":[{"count":0,"href":"https:\/\/red360digital.com\/index.php?rest_route=\/wp\/v2\/posts\/10315\/revisions"}],"wp:featuredmedia":[{"embeddable":true,"href":"https:\/\/red360digital.com\/index.php?rest_route=\/wp\/v2\/media\/10317"}],"wp:attachment":[{"href":"https:\/\/red360digital.com\/index.php?rest_route=%2Fwp%2Fv2%2Fmedia&parent=10315"}],"wp:term":[{"taxonomy":"category","embeddable":true,"href":"https:\/\/red360digital.com\/index.php?rest_route=%2Fwp%2Fv2%2Fcategories&post=10315"},{"taxonomy":"post_tag","embeddable":true,"href":"https:\/\/red360digital.com\/index.php?rest_route=%2Fwp%2Fv2%2Ftags&post=10315"}],"curies":[{"name":"wp","href":"https:\/\/api.w.org\/{rel}","templated":true}]}}