{"id":10327,"date":"2022-11-20T12:51:27","date_gmt":"2022-11-20T17:51:27","guid":{"rendered":"https:\/\/red360digital.com\/?p=10327"},"modified":"2022-11-19T17:53:00","modified_gmt":"2022-11-19T17:53:00","slug":"los-jugadores-de-senegal-lamentan-la-baja-de-sadio-mane","status":"publish","type":"post","link":"https:\/\/red360digital.com\/?p=10327","title":{"rendered":"Los jugadores de Senegal lamentan la baja de Sadio Man\u00e9"},"content":{"rendered":"<h4 style=\"text-align: center;\">Los jugadores de\u00a0<strong>Senegal,\u00a0<\/strong>Kalidou Koulibaly y Nampalys Mendy, lamentaron la ausencia de su capit\u00e1n,\u00a0<strong>Sadio Man\u00e9<\/strong>, que se perder\u00e1 la\u00a0<strong>Copa el Mundo de Qatar 2022\u00a0por lesi\u00f3n.<\/strong><\/h4>\n<p><strong>\u201cEl personal nos cuid\u00f3 mucho para llegar en buenas condiciones. Ahora estamos preparados en este Mundial. Sabemos que hemos perdido a un gran l\u00edder, pero creo que habr\u00e1 m\u00e1s jugadores que se mostrar\u00e1n y debemos estar preparados\u201d<\/strong>, afirm\u00f3\u00a0<strong>Koulibaly<\/strong>, defensor del Chelsea.<\/p>\n<p>Mientrsa que\u00a0<strong>Mendy<\/strong>, mediocampista del Leicester, destac\u00f3 a los que ahora est\u00e1n en la selecci\u00f3n: \u201c<strong>Tenemos que estar preparados para cualquier eventualidad. Es cierto que la ausencia de Sadio nos perjudicar\u00e1 enormemente, porque es un jugador importante.\u00a0<\/strong>Tambi\u00e9n tenemos jugadores de gran calidad, as\u00ed que confiamos en nuestro juego y haremos todo lo posible por demostrarlo\u201d.<\/p>\n<p>Senegal se estrenar\u00e1 en la Copa del Mundo el lunes 21 de noviembre contra Pa\u00edses Bajos, desde las 11:00 (hora de Ecuador).<\/p>\n","protected":false},"excerpt":{"rendered":"<p>Los jugadores de\u00a0Senegal,\u00a0Kalidou Koulibaly y Nampalys Mendy, lamentaron la ausencia de su capit\u00e1n,\u00a0Sadio Man\u00e9, que se perder\u00e1 la\u00a0Copa el Mundo de Qatar 2022\u00a0por lesi\u00f3n. \u201cEl personal nos cuid\u00f3 mucho para llegar en buenas condiciones. Ahora estamos preparados en este Mundial. Sabemos que hemos perdido a un gran l\u00edder, pero creo que habr\u00e1 m\u00e1s jugadores que [&hellip;]<\/p>\n","protected":false},"author":1,"featured_media":10329,"comment_status":"open","ping_status":"closed","sticky":false,"template":"","format":"standard","meta":{"footnotes":""},"categories":[3,4,5],"tags":[],"class_list":["post-10327","post","type-post","status-publish","format-standard","has-post-thumbnail","hentry","category-deportes","category-espectaculos","category-internacional"],"_links":{"self":[{"href":"https:\/\/red360digital.com\/index.php?rest_route=\/wp\/v2\/posts\/10327","targetHints":{"allow":["GET"]}}],"collection":[{"href":"https:\/\/red360digital.com\/index.php?rest_route=\/wp\/v2\/posts"}],"about":[{"href":"https:\/\/red360digital.com\/index.php?rest_route=\/wp\/v2\/types\/post"}],"author":[{"embeddable":true,"href":"https:\/\/red360digital.com\/index.php?rest_route=\/wp\/v2\/users\/1"}],"replies":[{"embeddable":true,"href":"https:\/\/red360digital.com\/index.php?rest_route=%2Fwp%2Fv2%2Fcomments&post=10327"}],"version-history":[{"count":0,"href":"https:\/\/red360digital.com\/index.php?rest_route=\/wp\/v2\/posts\/10327\/revisions"}],"wp:featuredmedia":[{"embeddable":true,"href":"https:\/\/red360digital.com\/index.php?rest_route=\/wp\/v2\/media\/10329"}],"wp:attachment":[{"href":"https:\/\/red360digital.com\/index.php?rest_route=%2Fwp%2Fv2%2Fmedia&parent=10327"}],"wp:term":[{"taxonomy":"category","embeddable":true,"href":"https:\/\/red360digital.com\/index.php?rest_route=%2Fwp%2Fv2%2Fcategories&post=10327"},{"taxonomy":"post_tag","embeddable":true,"href":"https:\/\/red360digital.com\/index.php?rest_route=%2Fwp%2Fv2%2Ftags&post=10327"}],"curies":[{"name":"wp","href":"https:\/\/api.w.org\/{rel}","templated":true}]}}