{"id":10393,"date":"2022-11-23T15:31:52","date_gmt":"2022-11-23T20:31:52","guid":{"rendered":"https:\/\/red360digital.com\/?p=10393"},"modified":"2022-11-23T20:32:02","modified_gmt":"2022-11-23T20:32:02","slug":"black-friday-cual-es-el-origen-de-la-celebracion-en-mexico","status":"publish","type":"post","link":"https:\/\/red360digital.com\/?p=10393","title":{"rendered":"Black Friday: cu\u00e1l es el origen de la celebraci\u00f3n en M\u00e9xico"},"content":{"rendered":"<div class=\"row\">\n<div class=\"col-md-10 col-12\">\n<div class=\"art__hdl\">\n<h4 class=\"art__hdl__opn\" style=\"text-align: center;\">Estamos cerca del Black Friday, un periodo de ventas que tambi\u00e9n ha llegado a M\u00e9xico, as\u00ed que te compartimos c\u00f3mo fue que se origin\u00f3 este d\u00eda de ofertas.<\/h4>\n<\/div>\n<\/div>\n<\/div>\n<div class=\"row\">\n<div class=\"col-12\">\n<div class=\"art__by \">\n<p class=\"\"><b>Este viernes 25 de noviembre es Black Friday, una celebraci\u00f3n que cada a\u00f1o se realiza en Estados Unidos,<\/b>\u00a0con diversas ofertas en tiendas, y que por su cercan\u00eda, tambi\u00e9n ha sido adaptada por M\u00e9xico, as\u00ed que te contamos cu\u00e1l fue el origen en nuestro pa\u00eds; adem\u00e1s de algunas promociones que puedes aprovechar.<\/p>\n<p class=\"\">Cabe resaltar que, el tambi\u00e9n conocido como<b>\u00a0Viernes Negro, representa el inicio de las ventas navide\u00f1a<\/b>s, con algunas rebajas y descuentos, que se ponen con el prop\u00f3sito de incentivar al consumo y ayudar a la econom\u00eda. Siempre se realiza un d\u00eda despu\u00e9s de D\u00eda de Acci\u00f3n de Gracias, en Estados Unidos, es decir, luego del cuarto jueves del mes de noviembre.<\/p>\n<h3 class=\"\">\u00bfCu\u00e1l es su origen en M\u00e9xico?<\/h3>\n<p class=\"\"><b>Lo que m\u00e1s comenz\u00f3 a llamar la atenci\u00f3n fueron las grandes ofertas que muchas tiendas ten\u00edan,<\/b>\u00a0as\u00ed que esta tradici\u00f3n comenz\u00f3 a extenderse a otras parte del mundo, destacando su presencia en M\u00e9xico, pues desde hace tiempo comenzaron a implementarse ofertas.<\/p>\n<p class=\"\">Aunque algo que muchos consumidores critican es el hecho de que, en comparaci\u00f3n con Estados Unidos, en nuestro pa\u00eds las ofertas no son tan llamativas. Adem\u00e1s, recordemos que gracias al\u00a0<b>Black Friday se decidi\u00f3 comenzar con el Buen Fin, en 2011, como una forma de impulsar la econom\u00eda, as\u00ed desde 2011 se celebra y se ha popularizado.<\/b><\/p>\n<h3 class=\"\">\u00bfPor qu\u00e9 se le dice Black Friday?<\/h3>\n<p class=\"\">El t\u00e9rmino tiene su origen en Filadelfia,\u00a0<b>donde se empleaba con el fin de describir el tr\u00e1fico de gente y veh\u00edculos que abarrotaban las calles, durante el D\u00eda de Acci\u00f3n de Gracias,<\/b>\u00a0pues alrededor de 1961 fueron los polic\u00edas quienes comenzaron a usarlo, ya que ellos eran los encargados de regularizar el tr\u00e1fico.<\/p>\n<p class=\"\"><b>Tambi\u00e9n hay una versi\u00f3n que asegura que se comenz\u00f3 a usar el t\u00e9rmino \u2018negro\u2019, para referirse a las cuentas de los comercios<\/b>, pues gracias a las compras sus n\u00fameros pasaban de rojos a negros, recuperando as\u00ed su estabilidad econ\u00f3mica.<\/p>\n<h3 class=\"\">Tiendas en M\u00e9xico que tendr\u00e1n ofertas<\/h3>\n<figure class=\"ext ext-in\">\n<ul>\n<li>Mercado Libre<\/li>\n<li>Amazon M\u00e9xico y Estados Unidos<\/li>\n<li>Costco<\/li>\n<li>Liverpool<\/li>\n<li>Linio<\/li>\n<li>Ebay<\/li>\n<li>Casetify<\/li>\n<li>RadioShack<\/li>\n<\/ul>\n<\/figure>\n<\/div>\n<\/div>\n<\/div>\n","protected":false},"excerpt":{"rendered":"<p>Estamos cerca del Black Friday, un periodo de ventas que tambi\u00e9n ha llegado a M\u00e9xico, as\u00ed que te compartimos c\u00f3mo fue que se origin\u00f3 este d\u00eda de ofertas. Este viernes 25 de noviembre es Black Friday, una celebraci\u00f3n que cada a\u00f1o se realiza en Estados Unidos,\u00a0con diversas ofertas en tiendas, y que por su cercan\u00eda, [&hellip;]<\/p>\n","protected":false},"author":1,"featured_media":10395,"comment_status":"open","ping_status":"closed","sticky":false,"template":"","format":"standard","meta":{"footnotes":""},"categories":[2,5,7],"tags":[],"class_list":["post-10393","post","type-post","status-publish","format-standard","has-post-thumbnail","hentry","category-cultural","category-internacional","category-nacional"],"_links":{"self":[{"href":"https:\/\/red360digital.com\/index.php?rest_route=\/wp\/v2\/posts\/10393","targetHints":{"allow":["GET"]}}],"collection":[{"href":"https:\/\/red360digital.com\/index.php?rest_route=\/wp\/v2\/posts"}],"about":[{"href":"https:\/\/red360digital.com\/index.php?rest_route=\/wp\/v2\/types\/post"}],"author":[{"embeddable":true,"href":"https:\/\/red360digital.com\/index.php?rest_route=\/wp\/v2\/users\/1"}],"replies":[{"embeddable":true,"href":"https:\/\/red360digital.com\/index.php?rest_route=%2Fwp%2Fv2%2Fcomments&post=10393"}],"version-history":[{"count":0,"href":"https:\/\/red360digital.com\/index.php?rest_route=\/wp\/v2\/posts\/10393\/revisions"}],"wp:featuredmedia":[{"embeddable":true,"href":"https:\/\/red360digital.com\/index.php?rest_route=\/wp\/v2\/media\/10395"}],"wp:attachment":[{"href":"https:\/\/red360digital.com\/index.php?rest_route=%2Fwp%2Fv2%2Fmedia&parent=10393"}],"wp:term":[{"taxonomy":"category","embeddable":true,"href":"https:\/\/red360digital.com\/index.php?rest_route=%2Fwp%2Fv2%2Fcategories&post=10393"},{"taxonomy":"post_tag","embeddable":true,"href":"https:\/\/red360digital.com\/index.php?rest_route=%2Fwp%2Fv2%2Ftags&post=10393"}],"curies":[{"name":"wp","href":"https:\/\/api.w.org\/{rel}","templated":true}]}}