{"id":10456,"date":"2022-11-26T08:36:01","date_gmt":"2022-11-26T13:36:01","guid":{"rendered":"https:\/\/red360digital.com\/?p=10456"},"modified":"2022-11-26T13:36:11","modified_gmt":"2022-11-26T13:36:11","slug":"wesley-sneijder-confiesa-que-no-era-penal-de-marquez-sobre-robben","status":"publish","type":"post","link":"https:\/\/red360digital.com\/?p=10456","title":{"rendered":"Wesley Sneijder confiesa que no era penal de M\u00e1rquez sobre Robben"},"content":{"rendered":"<h4 style=\"text-align: center;\">\u00abNo era penal, \u00bfQu\u00e9 quieres que haga? Fue el \u00e1rbitro\u00bb, se\u00f1al\u00f3 Wesley a m\u00e1s de ocho a\u00f1os despu\u00e9s de lo ocurrido en la Arena Castel\u00e3o.<\/h4>\n<p>El exjugador de la\u00a0<strong>Selecci\u00f3n de los Pa\u00edses Bajos<\/strong>,\u00a0<strong>Wesley Sneijder<\/strong>, reconoci\u00f3 que no era penal la presunta falta que cometi\u00f3\u00a0<strong>Rafael M\u00e1rquez<\/strong>\u00a0sobre\u00a0<strong>Arjen Robben<\/strong>\u00a0en el pol\u00e9mico partido entre\u00a0<strong>M\u00e9xico\u00a0<\/strong>y La Naranja Mec\u00e1nica en la\u00a0<strong>Copa del Mundo de Brasil 2014.<\/strong><\/p>\n<p>A trav\u00e9s de su cuenta oficial de Twitter, Charlie Estefan, seguidor de la\u00a0<strong>Selecci\u00f3n Mexicana<\/strong>, comparti\u00f3 un breve video junto al exjugador del\u00a0<strong>Real Madrid<\/strong>\u00a0e\u00a0<strong>Inter de Mil\u00e1n<\/strong>\u00a0y le pregunto si hab\u00eda sido penal de El &#8216;K\u00e1iser&#8217; sobre\u00a0<strong>Robben<\/strong>\u00a0y el originario de Utrecht confes\u00f3 que no.<\/p>\n<p>\u00abNo era penal, \u00bfQu\u00e9 quieres que haga? Fue el \u00e1rbitro\u00bb, se\u00f1al\u00f3\u00a0<strong>Wesley<\/strong>\u00a0a m\u00e1s de ocho a\u00f1os despu\u00e9s de lo ocurrido en la\u00a0<strong>Arena Castel\u00e3o.<\/strong><\/p>\n<p><strong>Sneijder<\/strong>\u00a0fue uno de los protagonistas de la remontada de la Naranja Mec\u00e1nica ante la\u00a0<strong>Selecci\u00f3n Mexicana<\/strong>\u00a0en el Mundial de Brasil. El excentrocampista consigui\u00f3 al 88&#8242; empatar el marcador y minutos m\u00e1s tarde, el \u00e1rbitro\u00a0<strong>Pedro Proen\u00e7a<\/strong>\u00a0se\u00f1al\u00f3 falta de\u00a0<strong>M\u00e1rquez<\/strong>\u00a0dentro del \u00e1rea,\u00a0<strong>Klaas-Jan Huntelaar\u00a0<\/strong>convirti\u00f3 la pena m\u00e1xima y los aficionados aztecas hicieron viral en redes sociales la famosa etiqueta \u00ab#NoEraPenal\u00bb.<\/p>\n<p>Hace unas semanas,\u00a0<strong>Wesley Sneijder<\/strong>, causo mucha pol\u00e9mica entre los aficionados del Ajax y los seguidores de la\u00a0<strong>Selecci\u00f3n Mexicana\u00a0<\/strong>al criticar duramente a<strong>\u00a0Edson \u00c1lvarez<\/strong>.\u00a0<strong>Wesley\u00a0<\/strong>indic\u00f3 en televisi\u00f3n que la plantilla de \u00c1msterdam debi\u00f3 haber vendido al &#8216;Mach\u00edn&#8217; al considerarlo un jugador que aporta poco.<\/p>\n<p>\u00ab<strong>Edson \u00c1lvarez<\/strong>\u00a0juega todos los balones hacia atr\u00e1s o hacia los lados, no sirve para nada. Deber\u00edan haberlo llevado a Londres r\u00e1pidamente. Podr\u00edan haber fichado a dos buenos jugadores por esa cantidad de dinero\u00bb, expres\u00f3\u00a0<strong>Sneijder<\/strong>\u00a0a &#8216;<em>Voetbal International<\/em>&#8216;.<\/p>\n<p><strong>M\u00e9xico<\/strong>\u00a0se enfrentar\u00e1 este s\u00e1bado a la Selecci\u00f3n de\u00a0Argentina\u00a0por la segunda jornada de la Fase de Grupos de la\u00a0<strong>Copa del Mundo de\u00a0Qatar\u00a02022.<\/strong>\u00a0Un triunfo azteca provocar\u00eda que La Albiceleste quede eliminada de la competencia mientras que una victoria de\u00a0Lionel Messi\u00a0y compa\u00f1\u00eda dejar\u00eda al Tri con pocas posibilidades de avanzar a Octavos de Final.<\/p>\n","protected":false},"excerpt":{"rendered":"<p>\u00abNo era penal, \u00bfQu\u00e9 quieres que haga? Fue el \u00e1rbitro\u00bb, se\u00f1al\u00f3 Wesley a m\u00e1s de ocho a\u00f1os despu\u00e9s de lo ocurrido en la Arena Castel\u00e3o. El exjugador de la\u00a0Selecci\u00f3n de los Pa\u00edses Bajos,\u00a0Wesley Sneijder, reconoci\u00f3 que no era penal la presunta falta que cometi\u00f3\u00a0Rafael M\u00e1rquez\u00a0sobre\u00a0Arjen Robben\u00a0en el pol\u00e9mico partido entre\u00a0M\u00e9xico\u00a0y La Naranja Mec\u00e1nica en la\u00a0Copa [&hellip;]<\/p>\n","protected":false},"author":1,"featured_media":10458,"comment_status":"open","ping_status":"closed","sticky":false,"template":"","format":"standard","meta":{"footnotes":""},"categories":[3,4,5,7],"tags":[],"class_list":["post-10456","post","type-post","status-publish","format-standard","has-post-thumbnail","hentry","category-deportes","category-espectaculos","category-internacional","category-nacional"],"_links":{"self":[{"href":"https:\/\/red360digital.com\/index.php?rest_route=\/wp\/v2\/posts\/10456","targetHints":{"allow":["GET"]}}],"collection":[{"href":"https:\/\/red360digital.com\/index.php?rest_route=\/wp\/v2\/posts"}],"about":[{"href":"https:\/\/red360digital.com\/index.php?rest_route=\/wp\/v2\/types\/post"}],"author":[{"embeddable":true,"href":"https:\/\/red360digital.com\/index.php?rest_route=\/wp\/v2\/users\/1"}],"replies":[{"embeddable":true,"href":"https:\/\/red360digital.com\/index.php?rest_route=%2Fwp%2Fv2%2Fcomments&post=10456"}],"version-history":[{"count":0,"href":"https:\/\/red360digital.com\/index.php?rest_route=\/wp\/v2\/posts\/10456\/revisions"}],"wp:featuredmedia":[{"embeddable":true,"href":"https:\/\/red360digital.com\/index.php?rest_route=\/wp\/v2\/media\/10458"}],"wp:attachment":[{"href":"https:\/\/red360digital.com\/index.php?rest_route=%2Fwp%2Fv2%2Fmedia&parent=10456"}],"wp:term":[{"taxonomy":"category","embeddable":true,"href":"https:\/\/red360digital.com\/index.php?rest_route=%2Fwp%2Fv2%2Fcategories&post=10456"},{"taxonomy":"post_tag","embeddable":true,"href":"https:\/\/red360digital.com\/index.php?rest_route=%2Fwp%2Fv2%2Ftags&post=10456"}],"curies":[{"name":"wp","href":"https:\/\/api.w.org\/{rel}","templated":true}]}}