{"id":10465,"date":"2022-11-26T08:46:51","date_gmt":"2022-11-26T13:46:51","guid":{"rendered":"https:\/\/red360digital.com\/?p=10465"},"modified":"2022-11-26T13:47:00","modified_gmt":"2022-11-26T13:47:00","slug":"infantino-propone-un-dia-de-maradona-en-cada-mundial","status":"publish","type":"post","link":"https:\/\/red360digital.com\/?p=10465","title":{"rendered":"Infantino propone un &#8216;d\u00eda de Maradona&#8217; en cada Mundial"},"content":{"rendered":"<h4 style=\"text-align: center;\"><strong>El presidente de la FIFA, Gianni Infantino, propondr\u00e1 un &#8216;D\u00eda de Maradona&#8217; en cada Campeonato del Mundo, en honor al futbolista de Argentina que fue homenajeado este viernes, en el Espacio de la Conmebol de Doha, en el segundo aniversario de su muerte.<\/strong><\/h4>\n<p><strong>\u00abQuisiera que en cada Mundial, desde ahora, haya un d\u00eda en el que recordemos a Diego Armando Maradona\u00bb<\/strong>, anunci\u00f3 el presidente de la FIFA que asisti\u00f3 al acto de recuerdo del fallecimiento del astro argentino.<\/p>\n<p><strong>\u00abCuando me dijeron que se iba a organizar este homenaje no me lo pens\u00e9. Tard\u00e9 un segundo en aceptarlo\u00bb<\/strong>, desvel\u00f3 Infantino.\u00a0<strong>\u00abHay pocos que hayan supuesto lo que Maradona para el f\u00fatbol. Ha sido un gran l\u00edder en Argentina y en el mundo\u00bb<\/strong>, a\u00f1adi\u00f3.<\/p>\n<p>Infantino record\u00f3 que \u00e9l es de Italia y del Inter, y no de Argentina y del N\u00e1poles, pero que sobre todo, ama al f\u00fatbol. \u00abHubi\u00e9ramos querido que Diego estuviera en el Mundial, aunque est\u00e1 en nuestros corazones. A Diego lo amamos\u00bb.<\/p>\n<p>Infantino, su hom\u00f3logo del f\u00fatbol sudamericano, Alejandro Dom\u00ednguez, y el dirigente de la Asociaci\u00f3n del F\u00fatbol Argentino (AFA), Claudio Tapia, dieron forma al acto.<\/p>\n<aside class=\"inline inline-photo full\">\n<figure><picture><source srcset=\"https:\/\/a2.espncdn.com\/combiner\/i?img=%2Fphoto%2F2020%2F1125%2Fr780728_1296x729_16%2D9.jpg&amp;w=570&amp;format=jpg, https:\/\/a2.espncdn.com\/combiner\/i?img=%2Fphoto%2F2020%2F1125%2Fr780728_1296x729_16%2D9.jpg&amp;w=1140&amp;cquality=40&amp;format=jpg 2x\" media=\"(min-width: 376px)\" data-srcset=\"https:\/\/a2.espncdn.com\/combiner\/i?img=%2Fphoto%2F2020%2F1125%2Fr780728_1296x729_16%2D9.jpg&amp;w=570&amp;format=jpg, https:\/\/a2.espncdn.com\/combiner\/i?img=%2Fphoto%2F2020%2F1125%2Fr780728_1296x729_16%2D9.jpg&amp;w=1140&amp;cquality=40&amp;format=jpg 2x\" \/><source srcset=\"https:\/\/a2.espncdn.com\/combiner\/i?img=%2Fphoto%2F2020%2F1125%2Fr780728_1296x729_16%2D9.jpg&amp;w=375, https:\/\/a2.espncdn.com\/combiner\/i?img=%2Fphoto%2F2020%2F1125%2Fr780728_1296x729_16%2D9.jpg&amp;w=750&amp;cquality=40&amp;format=jpg 2x\" media=\"(max-width: 375px)\" data-srcset=\"https:\/\/a2.espncdn.com\/combiner\/i?img=%2Fphoto%2F2020%2F1125%2Fr780728_1296x729_16%2D9.jpg&amp;w=375, https:\/\/a2.espncdn.com\/combiner\/i?img=%2Fphoto%2F2020%2F1125%2Fr780728_1296x729_16%2D9.jpg&amp;w=750&amp;cquality=40&amp;format=jpg 2x\" \/><\/picture><\/figure>\n<\/aside>\n","protected":false},"excerpt":{"rendered":"<p>El presidente de la FIFA, Gianni Infantino, propondr\u00e1 un &#8216;D\u00eda de Maradona&#8217; en cada Campeonato del Mundo, en honor al futbolista de Argentina que fue homenajeado este viernes, en el Espacio de la Conmebol de Doha, en el segundo aniversario de su muerte. \u00abQuisiera que en cada Mundial, desde ahora, haya un d\u00eda en el [&hellip;]<\/p>\n","protected":false},"author":1,"featured_media":10467,"comment_status":"open","ping_status":"closed","sticky":false,"template":"","format":"standard","meta":{"footnotes":""},"categories":[2,3,4,5],"tags":[],"class_list":["post-10465","post","type-post","status-publish","format-standard","has-post-thumbnail","hentry","category-cultural","category-deportes","category-espectaculos","category-internacional"],"_links":{"self":[{"href":"https:\/\/red360digital.com\/index.php?rest_route=\/wp\/v2\/posts\/10465","targetHints":{"allow":["GET"]}}],"collection":[{"href":"https:\/\/red360digital.com\/index.php?rest_route=\/wp\/v2\/posts"}],"about":[{"href":"https:\/\/red360digital.com\/index.php?rest_route=\/wp\/v2\/types\/post"}],"author":[{"embeddable":true,"href":"https:\/\/red360digital.com\/index.php?rest_route=\/wp\/v2\/users\/1"}],"replies":[{"embeddable":true,"href":"https:\/\/red360digital.com\/index.php?rest_route=%2Fwp%2Fv2%2Fcomments&post=10465"}],"version-history":[{"count":0,"href":"https:\/\/red360digital.com\/index.php?rest_route=\/wp\/v2\/posts\/10465\/revisions"}],"wp:featuredmedia":[{"embeddable":true,"href":"https:\/\/red360digital.com\/index.php?rest_route=\/wp\/v2\/media\/10467"}],"wp:attachment":[{"href":"https:\/\/red360digital.com\/index.php?rest_route=%2Fwp%2Fv2%2Fmedia&parent=10465"}],"wp:term":[{"taxonomy":"category","embeddable":true,"href":"https:\/\/red360digital.com\/index.php?rest_route=%2Fwp%2Fv2%2Fcategories&post=10465"},{"taxonomy":"post_tag","embeddable":true,"href":"https:\/\/red360digital.com\/index.php?rest_route=%2Fwp%2Fv2%2Ftags&post=10465"}],"curies":[{"name":"wp","href":"https:\/\/api.w.org\/{rel}","templated":true}]}}