{"id":10495,"date":"2022-11-28T15:32:10","date_gmt":"2022-11-28T20:32:10","guid":{"rendered":"https:\/\/red360digital.com\/?p=10495"},"modified":"2022-11-28T20:32:20","modified_gmt":"2022-11-28T20:32:20","slug":"lopez-obrador-encabeza-marcha-multitudinaria-en-mexico","status":"publish","type":"post","link":"https:\/\/red360digital.com\/?p=10495","title":{"rendered":"L\u00f3pez Obrador encabeza marcha multitudinaria en M\u00e9xico"},"content":{"rendered":"<h4 class=\"intro\" style=\"text-align: center;\">El mandatario mexicano realiz\u00f3 una festiva caminata para tomarle el pulso al respado popular a su gobierno, que lleg\u00f3 al poder en 2018 y debe concluir el pr\u00f3ximo a\u00f1o.<\/h4>\n<div id=\"sharing-bar\" class=\"min\">\n<p>Cientos de miles de personas acompa\u00f1aron el domingo (27.11.2022) al presidente de\u00a0M\u00e9xico,\u00a0Andr\u00e9s L\u00f3pez Obrador, en una inusual marcha por el centro de la capital para celebrar a su gobierno tras cuatro a\u00f1os en el poder y con las elecciones de 2024 en la mira.<\/p>\n<p>La festiva caminata de casi seis horas, en la que el mandatario de 69 a\u00f1os luci\u00f3 plet\u00f3rico y no par\u00f3 de recibir abrazos, regalos y tomarse fotos, congreg\u00f3 a \u00ab1,2 millones\u00a0de personas\u00bb, seg\u00fan el vocero de la Presidencia, Jes\u00fas Ram\u00edrez. De momento, no hay fuentes independientes que confirmen la cifra.<\/p>\n<p>El mandatario izquierdista cerr\u00f3 la marcha con un extenso informe en el Z\u00f3calo, la plaza principal de Ciudad de M\u00e9xico, que se llen\u00f3 de simpatizantes.<\/p>\n<p>Cit\u00f3 al poeta y pol\u00edtico cubano Jos\u00e9 Mart\u00ed -\u00abamor con amor se paga\u00bb- y destac\u00f3 a los \u00abmillones\u00bb de beneficiados por los programas sociales de su gobierno.<\/p>\n<p>Tambi\u00e9n abord\u00f3 la vital relaci\u00f3n con Estados Unidos. Asegur\u00f3 que no va \u00aba pelear\u00bb con Washington salvo que impulse alguna pol\u00edtica que ofenda a las 38,5 millones de personas de origen mexicano que viven en ese pa\u00eds.<\/p>\n<p>Bautiz\u00f3 a su modelo de gobierno como \u00abhumanismo mexicano\u00bb, el que busca -dijo- progreso con justicia y desechar la \u00abobsesi\u00f3n tecnocr\u00e1tica\u00bb con las cifras de la econom\u00eda.<\/p>\n<p>Ante una multitud que le ped\u00eda postularse nuevamente a la presidencia, respondi\u00f3: \u00ab\u00a1No a la reelecci\u00f3n!\u00bb.<\/p>\n<p>Sus simpatizantes caminaron vistiendo camisas y gorras moradas, el color del partido oficialista Morena, portando pancartas y numerosas banderas con emblemas partidarios.<\/p>\n<p>El anuncio de la marcha se dio tres d\u00edas despu\u00e9s de la movilizaci\u00f3n que convoc\u00f3 a miles de personas, en su mayor\u00eda opositores, que salieron a las calles en defensa del Instituto Nacional Electoral (INE) y contra la pol\u00e9mica reforma electoral que impulsa L\u00f3pez Obrador.<\/p>\n<p>La reforma\u00a0que el mandatario present\u00f3 en abril pasado\u00a0y que se discutir\u00e1 pr\u00f3ximamente en el Congreso\u00a0 causa pol\u00e9mica porque someter\u00eda a voto popular a los consejeros del INE y a los magistrados del Tribunal Electoral del Poder Judicial de la Federaci\u00f3n.<\/p>\n<p>Tambi\u00e9n eliminar\u00eda 200 diputados y 32 senadores, reducir\u00eda el financiamiento de los partidos pol\u00edticos y redefinir\u00eda el concepto de \u00abpropaganda\u00bb para que el gobierno se pronuncie durante las elecciones, disposiciones criticadas porque pueden favorecer al actual partido en el poder.<\/p>\n<\/div>\n","protected":false},"excerpt":{"rendered":"<p>El mandatario mexicano realiz\u00f3 una festiva caminata para tomarle el pulso al respado popular a su gobierno, que lleg\u00f3 al poder en 2018 y debe concluir el pr\u00f3ximo a\u00f1o. Cientos de miles de personas acompa\u00f1aron el domingo (27.11.2022) al presidente de\u00a0M\u00e9xico,\u00a0Andr\u00e9s L\u00f3pez Obrador, en una inusual marcha por el centro de la capital para celebrar [&hellip;]<\/p>\n","protected":false},"author":1,"featured_media":10497,"comment_status":"open","ping_status":"closed","sticky":false,"template":"","format":"standard","meta":{"footnotes":""},"categories":[7,9],"tags":[],"class_list":["post-10495","post","type-post","status-publish","format-standard","has-post-thumbnail","hentry","category-nacional","category-politica"],"_links":{"self":[{"href":"https:\/\/red360digital.com\/index.php?rest_route=\/wp\/v2\/posts\/10495","targetHints":{"allow":["GET"]}}],"collection":[{"href":"https:\/\/red360digital.com\/index.php?rest_route=\/wp\/v2\/posts"}],"about":[{"href":"https:\/\/red360digital.com\/index.php?rest_route=\/wp\/v2\/types\/post"}],"author":[{"embeddable":true,"href":"https:\/\/red360digital.com\/index.php?rest_route=\/wp\/v2\/users\/1"}],"replies":[{"embeddable":true,"href":"https:\/\/red360digital.com\/index.php?rest_route=%2Fwp%2Fv2%2Fcomments&post=10495"}],"version-history":[{"count":0,"href":"https:\/\/red360digital.com\/index.php?rest_route=\/wp\/v2\/posts\/10495\/revisions"}],"wp:featuredmedia":[{"embeddable":true,"href":"https:\/\/red360digital.com\/index.php?rest_route=\/wp\/v2\/media\/10497"}],"wp:attachment":[{"href":"https:\/\/red360digital.com\/index.php?rest_route=%2Fwp%2Fv2%2Fmedia&parent=10495"}],"wp:term":[{"taxonomy":"category","embeddable":true,"href":"https:\/\/red360digital.com\/index.php?rest_route=%2Fwp%2Fv2%2Fcategories&post=10495"},{"taxonomy":"post_tag","embeddable":true,"href":"https:\/\/red360digital.com\/index.php?rest_route=%2Fwp%2Fv2%2Ftags&post=10495"}],"curies":[{"name":"wp","href":"https:\/\/api.w.org\/{rel}","templated":true}]}}