{"id":10540,"date":"2022-11-29T15:36:18","date_gmt":"2022-11-29T20:36:18","guid":{"rendered":"https:\/\/red360digital.com\/?p=10540"},"modified":"2022-11-29T20:36:28","modified_gmt":"2022-11-29T20:36:28","slug":"gobierno-federal-analiza-reducir-el-precio-del-espectro-en-mexico-en-2023","status":"publish","type":"post","link":"https:\/\/red360digital.com\/?p=10540","title":{"rendered":"Gobierno federal analiza reducir el precio del espectro en M\u00e9xico en 2023"},"content":{"rendered":"<div class=\"jsx-1778878049 \">\n<h4 style=\"text-align: center;\">El gobierno federal analiza reducir el precio del espectro radioel\u00e9ctrico en M\u00e9xico en el a\u00f1o 2023, dijo el subsecretario de Transportes, Rogelio Jim\u00e9nez Pons, al t\u00e9rmino de la inauguraci\u00f3n del Mobile 360 Latam.<\/h4>\n<\/div>\n<div class=\"jsx-1921398030 newsbody\">\n<div class=\"jsx-670345696 share fixed\">\n<div class=\"jsx-670345696 \">\n<p class=\"jsx-3954459878\">El gobierno federal analiza reducir el precio del\u00a0<strong>espectro radioel\u00e9ctrico en M\u00e9xico<\/strong>\u00a0en el a\u00f1o 2023, dijo el subsecretario de Transportes,\u00a0<strong>Rogelio Jim\u00e9nez Pons<\/strong>, al t\u00e9rmino de la inauguraci\u00f3n del\u00a0<strong>Mobile 360 Latam<\/strong>.<\/p>\n<p class=\"jsx-3954459878 fi-aic_250\">\u201cAhorita estamos en el top, pero como la pol\u00edtica del presidente es que haya acceso, entonces tenemos que ver cu\u00e1nto bajar el espectro\u201d, dijo.<\/p>\n<p class=\"jsx-3954459878\">El funcionario del gobierno federal asegur\u00f3 que la SICT, en conjunto con la\u00a0<strong>Secretar\u00eda de Hacienda<\/strong>\u00a0y Cr\u00e9dito P\u00fablico (SHCP), deben elaborar un estudio comparativo sobre cu\u00e1les son los\u00a0beneficios y las desventajas de reducir el precio del espectro.<\/p>\n<p class=\"jsx-3954459878\">\u201cYo estoy convencido de que se gana mucho m\u00e1s bajando el espectro. Es parte de una pol\u00edtica general, ya estamos haciendo infraestructura y ahora vienen estas partes complementarias de pol\u00edticas que deben ayudar a que baje el costo\u201d, dijo.<\/p>\n<p class=\"jsx-3954459878\">El espectro radioel\u00e9ctrico es el conjunto de frecuencias que permiten la comunicaci\u00f3n inal\u00e1mbrica. Las se\u00f1ales de radio, de televisi\u00f3n y celulares, entre otras, viajan por este espectro que es propiedad de cada Estado-naci\u00f3n y que se licencia a los operadores de telecomunicaciones que deseen explotarlo para ofrecer sus servicios.<\/p>\n<p class=\"jsx-3954459878\">El\u00a0<strong>costo del espectro radioel\u00e9ctrico en M\u00e9xico<\/strong>\u00a0est\u00e1 compuesto por dos montos: el primero, conocido como contraprestaci\u00f3n, es el que paga el operador al momento de la subasta y que est\u00e1 determinado por el\u00a0<strong>Instituto Federal de Telecomunicaciones<\/strong>. El segundo monto est\u00e1 compuesto por el derecho anual para usar una frecuencia, el cual se determina dentro del Prespuesto de Egresos de la Federaci\u00f3n que la SHCP propone al Poder Legislativo.<\/p>\n<p class=\"jsx-3954459878 fi-aic_250\">Seg\u00fan un an\u00e1lisis de la consultor\u00eda especializada en telecomunicaciones The CIU recogido por el periodista\u00a0<em>Octavio Amador<\/em>, el\u00a0espectro radioel\u00e9ctrico en M\u00e9xico\u00a0puede costar entre dos y tres veces m\u00e1s que en otros pa\u00edses de la regi\u00f3n de Am\u00e9rica Latina.<\/p>\n<p class=\"jsx-3954459878\">De acuerdo con la GSMA, que agrupa a los operadores de telecomunicaciones a nivel global, si el costo del espectro en M\u00e9xico estuviera alineado con el promedio mundial, 5 millones m\u00e1s de mexicanos habr\u00edan tenido acceso a cobertura de redes 5G en el primer cuarto del 2021; mientras que las descargas de datos habr\u00edan sido 30% m\u00e1s r\u00e1pidas en mayo del 2022.<\/p>\n<p class=\"jsx-3954459878\">El comisionado presidente interino del IFT, Javier Ju\u00e1rez Mojica, asegur\u00f3 durante su participaci\u00f3n en el Mobile 360 Latam, organizado por GSMA, que si el espectro radioel\u00e9ctrico no es asequible, el riesgo de que no se desarrollen tecnolog\u00edas como el 5G en M\u00e9xico es alto.<\/p>\n<\/div>\n<\/div>\n<div class=\"jsx-1921398030\">\n<div>\n<div data-luna-player=\"\" data-luna-player-lang=\"es\" data-luna-player-post=\"https:\/\/www.eleconomista.com.mx\/empresas\/Gobierno-federal-analiza-reducir-el-precio-del-espectro-en-Mexico-en-2023-20221129-0071.html\">\n<div class=\"player_wrapper big\">\n<div class=\"player_container\">\n<div class=\"player_container_main\">\n<div class=\"player_controll_btn not_playing\">\n<div class=\"play\"><\/div>\n<\/div>\n<div class=\"player_track_content\">\n<div class=\"player_track_content__header\"><\/div>\n<\/div>\n<\/div>\n<\/div>\n<\/div>\n<\/div>\n<\/div>\n<\/div>\n<\/div>\n","protected":false},"excerpt":{"rendered":"<p>El gobierno federal analiza reducir el precio del espectro radioel\u00e9ctrico en M\u00e9xico en el a\u00f1o 2023, dijo el subsecretario de Transportes, Rogelio Jim\u00e9nez Pons, al t\u00e9rmino de la inauguraci\u00f3n del Mobile 360 Latam. El gobierno federal analiza reducir el precio del\u00a0espectro radioel\u00e9ctrico en M\u00e9xico\u00a0en el a\u00f1o 2023, dijo el subsecretario de Transportes,\u00a0Rogelio Jim\u00e9nez Pons, al [&hellip;]<\/p>\n","protected":false},"author":1,"featured_media":10542,"comment_status":"open","ping_status":"closed","sticky":false,"template":"","format":"standard","meta":{"footnotes":""},"categories":[7,13],"tags":[],"class_list":["post-10540","post","type-post","status-publish","format-standard","has-post-thumbnail","hentry","category-nacional","category-tecnologia"],"_links":{"self":[{"href":"https:\/\/red360digital.com\/index.php?rest_route=\/wp\/v2\/posts\/10540","targetHints":{"allow":["GET"]}}],"collection":[{"href":"https:\/\/red360digital.com\/index.php?rest_route=\/wp\/v2\/posts"}],"about":[{"href":"https:\/\/red360digital.com\/index.php?rest_route=\/wp\/v2\/types\/post"}],"author":[{"embeddable":true,"href":"https:\/\/red360digital.com\/index.php?rest_route=\/wp\/v2\/users\/1"}],"replies":[{"embeddable":true,"href":"https:\/\/red360digital.com\/index.php?rest_route=%2Fwp%2Fv2%2Fcomments&post=10540"}],"version-history":[{"count":0,"href":"https:\/\/red360digital.com\/index.php?rest_route=\/wp\/v2\/posts\/10540\/revisions"}],"wp:featuredmedia":[{"embeddable":true,"href":"https:\/\/red360digital.com\/index.php?rest_route=\/wp\/v2\/media\/10542"}],"wp:attachment":[{"href":"https:\/\/red360digital.com\/index.php?rest_route=%2Fwp%2Fv2%2Fmedia&parent=10540"}],"wp:term":[{"taxonomy":"category","embeddable":true,"href":"https:\/\/red360digital.com\/index.php?rest_route=%2Fwp%2Fv2%2Fcategories&post=10540"},{"taxonomy":"post_tag","embeddable":true,"href":"https:\/\/red360digital.com\/index.php?rest_route=%2Fwp%2Fv2%2Ftags&post=10540"}],"curies":[{"name":"wp","href":"https:\/\/api.w.org\/{rel}","templated":true}]}}