{"id":10561,"date":"2022-11-30T15:54:24","date_gmt":"2022-11-30T20:54:24","guid":{"rendered":"https:\/\/red360digital.com\/?p=10561"},"modified":"2022-11-30T20:54:34","modified_gmt":"2022-11-30T20:54:34","slug":"mexico-inflacion-subyacente-es-la-mas-alta-en-22-anos","status":"publish","type":"post","link":"https:\/\/red360digital.com\/?p=10561","title":{"rendered":"M\u00e9xico: Inflaci\u00f3n subyacente es la m\u00e1s alta en 22 a\u00f1os"},"content":{"rendered":"<p>La\u00a0<strong>inflaci\u00f3n general de M\u00e9xico se moder\u00f3 en la primera mitad de noviembre por quinta quincena consecutiva<\/strong>, aunque continu\u00f3 ubic\u00e1ndose muy por encima de la meta oficial, dejando la puerta abierta a nuevas alzas a los tipos de inter\u00e9s por parte del banco central.<\/p>\n<div id=\"masco-4bdf08deea347d6fdc1572c5f11028c1\" class=\"masco-4bdf08deea347d6fdc1572c5f11028c1 masco-parrafo-2-mobile\">\n<p>El subgobernador del banco central mexicano<strong>\u00a0Jonathan Heath<\/strong>\u00a0dijo que la<strong>\u00a0inflaci\u00f3n subyacente podr\u00eda descender en la segunda mitad de noviembre<\/strong>\u00a0despu\u00e9s de haber alcanzado en los primeros 15 d\u00edas del mes un nivel no visto desde agosto de 2000.<\/p>\n<div id=\"masco-b1562adb46f3f37afd424b512d35e7d3\" class=\"masco-b1562adb46f3f37afd424b512d35e7d3 masco-parrafo-3-mobile\">\n<p>Seg\u00fan publica Reuters, el \u00edndice de precios\u00a0<strong>se ubic\u00f3 en un 8.14% a tasa interanual<\/strong>, por debajo del 8.28% registrado en la segunda quincena de octubre y\u00a0<strong>alej\u00e1ndose del r\u00e9cord en m\u00e1s de dos d\u00e9cadas de un 8.77% que alcanz\u00f3 hasta la segunda mitad de agosto<\/strong>, de acuerdo con cifras divulgadas por el instituto de estad\u00edstica.<\/p>\n<div id=\"masco-f997e37c3ef80137ebaa19d7a31470e0\" class=\"masco-f997e37c3ef80137ebaa19d7a31470e0 masco-parrafo-7-mobile\">\n<p>La\u00a0<strong>cifra tambi\u00e9n fue menor a las estimaciones del mercado<\/strong>, que anticipaba una<strong>\u00a0tasa de un 8.24%<\/strong>, seg\u00fan un sondeo de Reuters. En cambio, la\u00a0<strong>inflaci\u00f3n subyacente<\/strong>, considerada un mejor par\u00e1metro para medir la\u00a0<strong>trayectoria de los precios porque elimina productos de alta volatilidad<\/strong>, avanz\u00f3 a un 8.66%, un nivel no visto desde la segunda quincena de agosto de 2000.<\/p>\n<div id=\"masco-bc21d44d21b970cf338e49088bab806c\" class=\"masco-bc21d44d21b970cf338e49088bab806c masco-parrafo-4-mobile\">\n<p><strong>Banco de M\u00e9xico<\/strong>, que tiene un\u00a0<strong>objetivo permanente de inflaci\u00f3n de un 3% +\/- un punto porcentual<\/strong>, ha elevado la<strong>\u00a0tasa referencial en un total de 600 puntos b\u00e1sicos<\/strong>\u00a0como parte de un ciclo de alzas que inici\u00f3 en junio de 2021, hasta su nivel actual de un 10%.<\/p>\n<div id=\"masco-347c173bdf276ba7ec82ae81c1b168ac\" class=\"masco-347c173bdf276ba7ec82ae81c1b168ac masco-parrafo-5-mobile\">Su \u00faltima <strong>decisi\u00f3n de pol\u00edtica monetaria de este a\u00f1o est\u00e1 programada para el 15 de diciembre<\/strong>\u00a0y el mercado anticipa un<strong>\u00a0nuevo incremento al costo de los cr\u00e9ditos<\/strong>, esta vez de 50 puntos base, de acuerdo con la encuesta m\u00e1s reciente del grupo financiero Citibanamex.<\/div>\n<div id=\"masco-fb5293e52d478e6871790d3a78d18775\" class=\"masco-fb5293e52d478e6871790d3a78d18775 masco-parrafo-5-desktop\">\n<div id=\"masco-2023082286\" class=\"masco-parrafo-5-desktop\">\n<div id=\"masco-2e7b77aeee4184267f7a8810d65c48e7\" class=\"masco-2e7b77aeee4184267f7a8810d65c48e7 masco-parrafo-6-mobile\"><\/div>\n<p>S\u00f3lo en los primeros 15 d\u00edas de noviembre, los\u00a0<strong>precios crecieron un 0.56%, mientras que el \u00edndice subyacente arroj\u00f3 una tasa del 0.34%<\/strong>. Los rubros que m\u00e1s incrementos sufrieron en la quincena fueron la\u00a0<strong>electricidad<\/strong>\u00a0y el\u00a0<strong>transporte a\u00e9reo<\/strong>, mientras que la cebolla y el gas dom\u00e9stico LP fueron los que m\u00e1s bajaron.<\/p>\n<\/div>\n<\/div>\n<\/div>\n<\/div>\n<\/div>\n<\/div>\n","protected":false},"excerpt":{"rendered":"<p>La\u00a0inflaci\u00f3n general de M\u00e9xico se moder\u00f3 en la primera mitad de noviembre por quinta quincena consecutiva, aunque continu\u00f3 ubic\u00e1ndose muy por encima de la meta oficial, dejando la puerta abierta a nuevas alzas a los tipos de inter\u00e9s por parte del banco central. El subgobernador del banco central mexicano\u00a0Jonathan Heath\u00a0dijo que la\u00a0inflaci\u00f3n subyacente podr\u00eda descender [&hellip;]<\/p>\n","protected":false},"author":1,"featured_media":10563,"comment_status":"open","ping_status":"closed","sticky":false,"template":"","format":"standard","meta":{"footnotes":""},"categories":[7],"tags":[],"class_list":["post-10561","post","type-post","status-publish","format-standard","has-post-thumbnail","hentry","category-nacional"],"_links":{"self":[{"href":"https:\/\/red360digital.com\/index.php?rest_route=\/wp\/v2\/posts\/10561","targetHints":{"allow":["GET"]}}],"collection":[{"href":"https:\/\/red360digital.com\/index.php?rest_route=\/wp\/v2\/posts"}],"about":[{"href":"https:\/\/red360digital.com\/index.php?rest_route=\/wp\/v2\/types\/post"}],"author":[{"embeddable":true,"href":"https:\/\/red360digital.com\/index.php?rest_route=\/wp\/v2\/users\/1"}],"replies":[{"embeddable":true,"href":"https:\/\/red360digital.com\/index.php?rest_route=%2Fwp%2Fv2%2Fcomments&post=10561"}],"version-history":[{"count":0,"href":"https:\/\/red360digital.com\/index.php?rest_route=\/wp\/v2\/posts\/10561\/revisions"}],"wp:featuredmedia":[{"embeddable":true,"href":"https:\/\/red360digital.com\/index.php?rest_route=\/wp\/v2\/media\/10563"}],"wp:attachment":[{"href":"https:\/\/red360digital.com\/index.php?rest_route=%2Fwp%2Fv2%2Fmedia&parent=10561"}],"wp:term":[{"taxonomy":"category","embeddable":true,"href":"https:\/\/red360digital.com\/index.php?rest_route=%2Fwp%2Fv2%2Fcategories&post=10561"},{"taxonomy":"post_tag","embeddable":true,"href":"https:\/\/red360digital.com\/index.php?rest_route=%2Fwp%2Fv2%2Ftags&post=10561"}],"curies":[{"name":"wp","href":"https:\/\/api.w.org\/{rel}","templated":true}]}}