{"id":10582,"date":"2022-12-01T16:07:21","date_gmt":"2022-12-01T21:07:21","guid":{"rendered":"https:\/\/red360digital.com\/?p=10582"},"modified":"2022-12-01T21:07:33","modified_gmt":"2022-12-01T21:07:33","slug":"mexico-recibira-la-navidad-con-una-nueva-ola-de-covid-esto-sabemos","status":"publish","type":"post","link":"https:\/\/red360digital.com\/?p=10582","title":{"rendered":"\u00bfM\u00e9xico recibir\u00e1 la Navidad con una nueva ola de COVID? Esto sabemos"},"content":{"rendered":"<div class=\"row\">\n<div class=\"col-sm-xl-12 layout-section wrap-bottom\">\n<h4 class=\"primary-font__PrimaryFontStyles-o56yd5-0 heuGTu h4-primary sub-headline\" style=\"text-align: center;\">El subsecretario de salud, Hugo L\u00f3pez-Gatell, asegur\u00f3 que se ha registrado un aumento progresivo de casos de COVID en M\u00e9xico.<\/h4>\n<div class=\"default__StyledDiv-cj38t1-0 gCPfDm share-bar\"><\/div>\n<\/div>\n<\/div>\n<div class=\"row\">\n<div class=\"col-sm-md-12 col-lg-xl-8 left-article-section ie-flex-100-percent-sm layout-section\">\n<p class=\"default__StyledText-xb1qmn-0 cgXrXK body-paragraph\">Los casos de COVID tuvieron un incremento en semanas recientes\u00a0en distintos pa\u00edses del mundo a causa de dos nuevas subvariantes de \u00f3micron. Se trata de la\u00a0XBB, considerada como la \u201cpesadilla\u201d\u00a0por algunos reportes m\u00e9dicos, y\u00a0la BQ.1, bautizada como \u201cperro del infierno\u201d\u00a0pero, \u00bfesto podr\u00eda causar una nueva ola de contagios en M\u00e9xico?<\/p>\n<p class=\"default__StyledText-xb1qmn-0 cgXrXK body-paragraph\">Desde la semana epidemiol\u00f3gica n\u00famero 45 (actualmente estamos en la 48) se ha registrado un aumento progresivo de\u00a0casos de COVID, inform\u00f3 el subsecretario de salud, Hugo L\u00f3pez-Gatell, el pasado martes 29 de noviembre, durante la conferencia matutina del presidente Andr\u00e9s Manuel L\u00f3pez Obrador.<\/p>\n<div id=\"arcad-feature-6307\" class=\"default__StyledAdUnit-ijbiyl-0 dmQA-dM arcad-feature margin-md-bottom \">\n<div class=\"arcad-container\">\n<div id=\"lazy_3\">\n<div id=\"inread_oop\" class=\"arcad ad-1x1\" data-google-query-id=\"CL_9tPmo2fsCFZZGDwIdEqsFZQ\">\n<div id=\"google_ads_iframe_\/77835600\/ElFinanciero__internas\/inread_oop_0__container__\"><\/div>\n<\/div>\n<\/div>\n<\/div>\n<\/div>\n<p class=\"default__StyledText-xb1qmn-0 cgXrXK body-paragraph\">\u201cEn nuestro pa\u00eds, como alertamos tambi\u00e9n desde hace varios meses, desde el verano, y despu\u00e9s de un periodo de descenso, podr\u00eda ser que tuvi\u00e9ramos un\u00a0<b>cambio en la tendencia\u00a0<\/b>y empezaremos a tener mayor n\u00famero de contagios. Pero afortunadamente el incremento no es acelerado, es mucho m\u00e1s lento de lo que fue la reducci\u00f3n de casos y esto es muy importante tenerlo presente\u201d, asegur\u00f3.<\/p>\n<p class=\"default__StyledText-xb1qmn-0 cgXrXK body-paragraph\">Por otra parte, el funcionario se\u00f1al\u00f3 que el indicador de ocupaci\u00f3n hospitalaria increment\u00f3 de tres a cuatro por ciento para las camas generales. \u201cLas\u00a0<b>camas con ventilado<\/b>r se mantienen\u00a0<b>estables<\/b>, esto lo que revela es que los pacientes que est\u00e1n siendo hospitalizados, aunque tienen alguna raz\u00f3n m\u00e9dica para serlo no son pacientes cr\u00edticamente enfermos\u201d.<\/p>\n<p class=\"default__StyledText-xb1qmn-0 cgXrXK body-paragraph\">Finalmente, el subsecretario de salud expres\u00f3 que la\u00a0<b>mortalidad<\/b>\u00a0se ha mantenido estable y no ha representado un cambio significativo y que, por lo que, con ayuda de las vacunas hay buenas expectativas, pese a las\u00a0nuevas variantes.<\/p>\n<p class=\"default__StyledText-xb1qmn-0 cgXrXK body-paragraph\">\u201cTenemos una amplia\u00a0cobertura de vacunaci\u00f3n, que podemos ver en estas cifras que que ya conocen ustedes y las mantenemos siempre actualizadas, tenemos 84 por ciento de cobertura general para toda la poblaci\u00f3n de cinco a\u00f1os en adelante, 91 para personas adultas, 64 por ciento para adolescentes de 12 a 17 a\u00f1os y tenemos ya 60 por ciento en la cobertura de ni\u00f1as y ni\u00f1os de cinco a 11 a\u00f1os.<\/p>\n<div id=\"arcad-feature-8796\" class=\"default__StyledAdUnit-ijbiyl-0 dmQA-dM arcad-feature margin-md-bottom \">\n<div class=\"arcad-container\">\n<div id=\"lazy_4\">\n<div id=\"box_banner1\" class=\"arcad ad-300x250\" data-google-query-id=\"CKLftPmo2fsCFQ9gDwId_G0Ipw\">\n<div id=\"google_ads_iframe_\/77835600\/ElFinanciero__salud\/box_banner1_0__container__\"><\/div>\n<\/div>\n<\/div>\n<\/div>\n<\/div>\n<h3 class=\"heading__StyledHeading-sc-5jxglz-0 kSxoe\">Y a todo esto, \u00bfcu\u00e1les son los s\u00edntomas de la variante \u2018perro del infierno\u2019?<\/h3>\n<p class=\"default__StyledText-xb1qmn-0 cgXrXK body-paragraph\">Dado el\u00a0aumento de casos COVID\u00a0provocados con la<b>\u00a0subvariante BQ.1 de \u00f3micron,\u00a0<\/b>usuarios de redes sociales decidieron nombrarla \u201cperro del infierno\u201d en alusi\u00f3n al can Cerbero de Hades, un monstruo de tres cabezas que ten\u00eda por tarea guardar las puertas del inframundo griego.<\/p>\n<p class=\"default__StyledText-xb1qmn-0 cgXrXK body-paragraph\">En M\u00e9xico, el Instituto de Diagn\u00f3stico y Referencia Epidemiol\u00f3gicos (InDRE) detall\u00f3 que el \u2018perro del infierno\u2019 hab\u00eda sido detectado en la CDMX, Edomex, Nuevo Le\u00f3n, Chiapas, Campeche, Baja California y Yucat\u00e1n.<\/p>\n<p class=\"default__StyledText-xb1qmn-0 cgXrXK body-paragraph\">Los s\u00edntomas que se han detectado son los siguientes:<\/p>\n<ul class=\"list__StyledUnorderedList-sc-1wwq737-2 elaPtt\">\n<li class=\"list__StyledListItem-sc-1wwq737-0 dmVxvi\">tos<\/li>\n<li class=\"list__StyledListItem-sc-1wwq737-0 dmVxvi\">dolor de garganta<\/li>\n<li class=\"list__StyledListItem-sc-1wwq737-0 dmVxvi\">fatiga y malestar general<\/li>\n<li class=\"list__StyledListItem-sc-1wwq737-0 dmVxvi\">diarrea<\/li>\n<li class=\"list__StyledListItem-sc-1wwq737-0 dmVxvi\">congesti\u00f3n y secreci\u00f3n nasal<\/li>\n<li class=\"list__StyledListItem-sc-1wwq737-0 dmVxvi\">dolor de cabeza<\/li>\n<li class=\"list__StyledListItem-sc-1wwq737-0 dmVxvi\">fiebre<\/li>\n<li class=\"list__StyledListItem-sc-1wwq737-0 dmVxvi\">sensaci\u00f3n de falta de aire<\/li>\n<li class=\"list__StyledListItem-sc-1wwq737-0 dmVxvi\">p\u00e9rdida del olfato o el gusto<\/li>\n<\/ul>\n<h2 class=\"heading__StyledHeading-sc-5jxglz-0 kSxoe\">\u00bfCu\u00e1les son los s\u00edntomas de la variante XBB o \u2018la pesadilla\u2019?<\/h2>\n<ul class=\"list__StyledUnorderedList-sc-1wwq737-2 elaPtt\">\n<li class=\"list__StyledListItem-sc-1wwq737-0 dmVxvi\">p\u00e9rdida de apetito<\/li>\n<li class=\"list__StyledListItem-sc-1wwq737-0 dmVxvi\">afon\u00eda<\/li>\n<li class=\"list__StyledListItem-sc-1wwq737-0 dmVxvi\">taquicardia<\/li>\n<li class=\"list__StyledListItem-sc-1wwq737-0 dmVxvi\">tos<\/li>\n<li class=\"list__StyledListItem-sc-1wwq737-0 dmVxvi\">dolor de garganta<\/li>\n<li class=\"list__StyledListItem-sc-1wwq737-0 dmVxvi\">fatiga<\/li>\n<li class=\"list__StyledListItem-sc-1wwq737-0 dmVxvi\">malestar general<\/li>\n<li class=\"list__StyledListItem-sc-1wwq737-0 dmVxvi\">diarrea<\/li>\n<li class=\"list__StyledListItem-sc-1wwq737-0 dmVxvi\">congesti\u00f3n<\/li>\n<li class=\"list__StyledListItem-sc-1wwq737-0 dmVxvi\">secreci\u00f3n nasal<\/li>\n<li class=\"list__StyledListItem-sc-1wwq737-0 dmVxvi\">dolor de cabeza<\/li>\n<li class=\"list__StyledListItem-sc-1wwq737-0 dmVxvi\">fiebre<\/li>\n<li class=\"list__StyledListItem-sc-1wwq737-0 dmVxvi\">dolores musculares<\/li>\n<li class=\"list__StyledListItem-sc-1wwq737-0 dmVxvi\">ahogo o p\u00e9rdida de olfato y gusto<\/li>\n<\/ul>\n<\/div>\n<\/div>\n","protected":false},"excerpt":{"rendered":"<p>El subsecretario de salud, Hugo L\u00f3pez-Gatell, asegur\u00f3 que se ha registrado un aumento progresivo de casos de COVID en M\u00e9xico. Los casos de COVID tuvieron un incremento en semanas recientes\u00a0en distintos pa\u00edses del mundo a causa de dos nuevas subvariantes de \u00f3micron. Se trata de la\u00a0XBB, considerada como la \u201cpesadilla\u201d\u00a0por algunos reportes m\u00e9dicos, y\u00a0la BQ.1, [&hellip;]<\/p>\n","protected":false},"author":1,"featured_media":10584,"comment_status":"open","ping_status":"closed","sticky":false,"template":"","format":"standard","meta":{"footnotes":""},"categories":[7,11],"tags":[],"class_list":["post-10582","post","type-post","status-publish","format-standard","has-post-thumbnail","hentry","category-nacional","category-salud"],"_links":{"self":[{"href":"https:\/\/red360digital.com\/index.php?rest_route=\/wp\/v2\/posts\/10582","targetHints":{"allow":["GET"]}}],"collection":[{"href":"https:\/\/red360digital.com\/index.php?rest_route=\/wp\/v2\/posts"}],"about":[{"href":"https:\/\/red360digital.com\/index.php?rest_route=\/wp\/v2\/types\/post"}],"author":[{"embeddable":true,"href":"https:\/\/red360digital.com\/index.php?rest_route=\/wp\/v2\/users\/1"}],"replies":[{"embeddable":true,"href":"https:\/\/red360digital.com\/index.php?rest_route=%2Fwp%2Fv2%2Fcomments&post=10582"}],"version-history":[{"count":0,"href":"https:\/\/red360digital.com\/index.php?rest_route=\/wp\/v2\/posts\/10582\/revisions"}],"wp:featuredmedia":[{"embeddable":true,"href":"https:\/\/red360digital.com\/index.php?rest_route=\/wp\/v2\/media\/10584"}],"wp:attachment":[{"href":"https:\/\/red360digital.com\/index.php?rest_route=%2Fwp%2Fv2%2Fmedia&parent=10582"}],"wp:term":[{"taxonomy":"category","embeddable":true,"href":"https:\/\/red360digital.com\/index.php?rest_route=%2Fwp%2Fv2%2Fcategories&post=10582"},{"taxonomy":"post_tag","embeddable":true,"href":"https:\/\/red360digital.com\/index.php?rest_route=%2Fwp%2Fv2%2Ftags&post=10582"}],"curies":[{"name":"wp","href":"https:\/\/api.w.org\/{rel}","templated":true}]}}