{"id":10591,"date":"2022-12-02T15:21:34","date_gmt":"2022-12-02T20:21:34","guid":{"rendered":"https:\/\/red360digital.com\/?p=10591"},"modified":"2022-12-02T20:21:44","modified_gmt":"2022-12-02T20:21:44","slug":"proyecto-de-ley-de-mexico-amenaza-independencia-de-supervision-electoral","status":"publish","type":"post","link":"https:\/\/red360digital.com\/?p=10591","title":{"rendered":"Proyecto de ley de M\u00e9xico amenaza independencia de supervisi\u00f3n electoral"},"content":{"rendered":"<div class=\"single-news-header\">\n<h4 class=\"single-news-header-subtitle\" style=\"text-align: center;\">Un exfuncionario dice que Andr\u00e9s Manuel L\u00f3pez Obrador socavar\u00e1 los logros democr\u00e1ticos alcanzados desde el fin del unipartidismo.<\/h4>\n<p>La reforma electoral planeada por Andr\u00e9s Manuel L\u00f3pez Obrador socavar\u00eda la independencia de la comisi\u00f3n electoral de M\u00e9xico, ha advertido un destacado arquitecto de la transici\u00f3n del pa\u00eds a la democracia multipartidista.<\/p>\n<p>Jos\u00e9 Woldenberg, que supervis\u00f3 las elecciones del a\u00f1o 2000 que les pusieron fin a 71 a\u00f1os de gobierno unipartidista, dijo que l<strong>a reforma que se debate esta semana en el Congreso debilitar\u00e1 al Instituto Nacional Electoral (INE) al devolverle la supervisi\u00f3n de las elecciones al gobierno, como ocurri\u00f3 en M\u00e9xico durante d\u00e9cadas de votaciones ama\u00f1adas.<\/strong><\/p>\n<p>\u00abAl Presidente de la Rep\u00fablica no le gustan los \u00f3rganos aut\u00f3nomos porque quiere concentrar el poder. Le gustar\u00eda contar con una autoridad electoral alineada a su voluntad\u00bb, dijo Woldenberg en una entrevista. \u00abNo puede convivir con un instituto como el INE que cost\u00f3 tantos a\u00f1os, d\u00e9cadas, construir\u00bb.<\/p>\n<p>El INE organiza las elecciones y monitorea la actividad pol\u00edtica en M\u00e9xico.\u00a0<strong>Los observadores dicen que fue fundamental en la transici\u00f3n democr\u00e1tica del pa\u00eds y est\u00e1 considerada como una de sus instituciones m\u00e1s fiables.<\/strong><\/p>\n<p>Pero los cambios propuestos por el presidente populista despojar\u00edan al INE de su autonom\u00eda operativa, reducir\u00edan su personal y recortar\u00edan la financiaci\u00f3n p\u00fablica de los partidos pol\u00edticos. Adem\u00e1s, los consejeros del INE, as\u00ed como los magistrados del tribunal electoral, ser\u00edan seleccionados por voto popular, en lugar de ser nombrados por el Congreso.<\/p>\n<p>L\u00f3pez Obrador ha impulsado en\u00e9rgicamente la reforma, a pesar de carecer de la mayor\u00eda de dos tercios en ambas c\u00e1maras del Congreso necesaria para las enmiendas constitucionales.\u00a0<strong>Si fracasa, ha prometido recortar el presupuesto del INE y a modificar sus estatutos antes de las elecciones presidenciales y legislativas de 2024.<\/strong><\/p>\n<p>\u00abLa reforma busca fortalecer la democracia de nuestro pa\u00eds, protegerla, porque todav\u00eda hay riesgos de fraudes electorales\u00bb, dijo a mediados de noviembre. Anteriormente ha denunciado que bajo el INE \u00abcontin\u00faa este sistema corrupto y antidemocr\u00e1tico\u00bb.<\/p>\n<p><strong>L\u00f3pez Obrador ha arremetido contra el INE y su predecesor, el Instituto Federal Electoral (IFE), desde que perdi\u00f3 unas re\u00f1idas elecciones presidenciales en 2006,<\/strong>\u00a0que seg\u00fan \u00e9l fueron fraudulentas aunque los observadores internacionales las proclamaron libres y justas. Aunque gan\u00f3 el poder en 2018, el presidente sigue alegando que le arrebataron la victoria mediante trampas en las anteriores elecciones.<\/p>\n<p>Una encuesta realizada por el peri\u00f3dico El Financiero encontr\u00f3 un 61% de apoyo al INE. Se estima que 250.000 personas protestaron en Ciudad de M\u00e9xico en noviembre contra el proyecto de ley de L\u00f3pez Obrador y para defender al INE, seg\u00fan los organizadores. La jefa de gobierno de la ciudad, Claudia Sheinbaum, dijo que asistieron 60.000 personas.<\/p>\n<p>Los analistas pol\u00edticos dijeron que el mitin ha contribuido a galvanizar a los l\u00edderes de los partidos de la oposici\u00f3n para que resistan las intensas presiones para aprobar el proyecto de ley.<\/p>\n<p><strong>\u00abPerder el INE es perder nuestra democracia\u00bb, dijo el historiador Enrique Krauze sobre la reforma electoral.<\/strong><\/p>\n<p>El presidente respondi\u00f3 llamando a sus partidarios a la Ciudad de M\u00e9xico para un mitin. Los autobuses que hab\u00edan transportado a personas de fuera del estado obstruyeron las calles, mientras que algunos medios de comunicaci\u00f3n informaron de que empleados del gobierno y beneficiarios de la asistencia social fueron obligados a asistir.<\/p>\n<p>Mar\u00eda Juana Jim\u00e9nez, empleada p\u00fablica de la Ciudad de M\u00e9xico, dijo que asisti\u00f3 a la marcha presidencial por voluntad propia. Llevaba un ata\u00fad de cart\u00f3n con el logotipo del INE. \u00abSe han robado elecciones dos veces y seguir\u00e1n haci\u00e9ndolo hasta que alguien los detenga\u00bb, dijo.<\/p>\n<p><strong>Una reforma del INE de 2007 impuso regulaciones estrictas a la publicidad pol\u00edtica, limit\u00f3 la autopromoci\u00f3n de los pol\u00edticos y endureci\u00f3 las reglas de financiaci\u00f3n, atendiendo a las quejas de L\u00f3pez Obrador de las elecciones anteriores.<\/strong><\/p>\n<p>El IFE se cre\u00f3 tras las elecciones de 1988, cuando un supuesto colapso inform\u00e1tico en la Secretar\u00eda de Gobernaci\u00f3n borr\u00f3 los resultados preliminares que mostraban a la oposici\u00f3n al frente de la contienda. Cuando se restablecieron los sistemas, gan\u00f3 el partido gobernante, el Partido Revolucionario Institucional (PRI).<\/p>\n<p>L\u00f3pez Obrador ha criticado el amplio presupuesto y la burocracia del INE, pero Woldenberg dijo que al IFE se le encargaron proyectos costosos como la creaci\u00f3n y el mantenimiento de un registro de votantes confiable, adem\u00e1s de proporcionar tarjetas de identificaci\u00f3n de votantes.<\/p>\n<p><strong>\u00abHay muchas cosas en M\u00e9xico que no funcionan\u00bb, a\u00f1adi\u00f3 Woldenberg. \u00abY lo que s\u00ed ha demostrado que funciona es lo que L\u00f3pez Obrador quiere destruir\u00bb.<\/strong><\/p>\n<\/div>\n","protected":false},"excerpt":{"rendered":"<p>Un exfuncionario dice que Andr\u00e9s Manuel L\u00f3pez Obrador socavar\u00e1 los logros democr\u00e1ticos alcanzados desde el fin del unipartidismo. La reforma electoral planeada por Andr\u00e9s Manuel L\u00f3pez Obrador socavar\u00eda la independencia de la comisi\u00f3n electoral de M\u00e9xico, ha advertido un destacado arquitecto de la transici\u00f3n del pa\u00eds a la democracia multipartidista. Jos\u00e9 Woldenberg, que supervis\u00f3 las [&hellip;]<\/p>\n","protected":false},"author":1,"featured_media":10593,"comment_status":"open","ping_status":"closed","sticky":false,"template":"","format":"standard","meta":{"footnotes":""},"categories":[7],"tags":[],"class_list":["post-10591","post","type-post","status-publish","format-standard","has-post-thumbnail","hentry","category-nacional"],"_links":{"self":[{"href":"https:\/\/red360digital.com\/index.php?rest_route=\/wp\/v2\/posts\/10591","targetHints":{"allow":["GET"]}}],"collection":[{"href":"https:\/\/red360digital.com\/index.php?rest_route=\/wp\/v2\/posts"}],"about":[{"href":"https:\/\/red360digital.com\/index.php?rest_route=\/wp\/v2\/types\/post"}],"author":[{"embeddable":true,"href":"https:\/\/red360digital.com\/index.php?rest_route=\/wp\/v2\/users\/1"}],"replies":[{"embeddable":true,"href":"https:\/\/red360digital.com\/index.php?rest_route=%2Fwp%2Fv2%2Fcomments&post=10591"}],"version-history":[{"count":0,"href":"https:\/\/red360digital.com\/index.php?rest_route=\/wp\/v2\/posts\/10591\/revisions"}],"wp:featuredmedia":[{"embeddable":true,"href":"https:\/\/red360digital.com\/index.php?rest_route=\/wp\/v2\/media\/10593"}],"wp:attachment":[{"href":"https:\/\/red360digital.com\/index.php?rest_route=%2Fwp%2Fv2%2Fmedia&parent=10591"}],"wp:term":[{"taxonomy":"category","embeddable":true,"href":"https:\/\/red360digital.com\/index.php?rest_route=%2Fwp%2Fv2%2Fcategories&post=10591"},{"taxonomy":"post_tag","embeddable":true,"href":"https:\/\/red360digital.com\/index.php?rest_route=%2Fwp%2Fv2%2Ftags&post=10591"}],"curies":[{"name":"wp","href":"https:\/\/api.w.org\/{rel}","templated":true}]}}