{"id":10612,"date":"2022-12-03T08:49:01","date_gmt":"2022-12-03T13:49:01","guid":{"rendered":"https:\/\/red360digital.com\/?p=10612"},"modified":"2022-12-03T13:49:11","modified_gmt":"2022-12-03T13:49:11","slug":"espana-da-por-superada-la-pausa-que-pidio-amlo-en-la-relacion-con-mexico-esta-en-el-olvido","status":"publish","type":"post","link":"https:\/\/red360digital.com\/?p=10612","title":{"rendered":"Espa\u00f1a da por superada la \u00abpausa\u00bb que pidi\u00f3 AMLO en la relaci\u00f3n con M\u00e9xico: \u00abest\u00e1 en el olvido\u00bb"},"content":{"rendered":"<h4 class=\"titular\" style=\"text-align: center;\"><strong class=\"bajada\">\u00abVamos a mirar al futuro\u00bb, dijo la secretaria de Estado de Cooperaci\u00f3n Internacional del gobierno espa\u00f1ol, Pilar Cancela, tras reunirse en M\u00e9xico con empresarios.<\/strong><\/h4>\n<div class=\"row\">\n<div class=\"col-md-1 col-sticky\">\n<div class=\"inner-share-bar cf\">\n<div class=\"item\">\n<p>El gobierno de Espa\u00f1a dio por superada la \u201cpausa\u201d en las relaciones con M\u00e9xico que solicit\u00f3 en febrero el presidente Andr\u00e9s Manuel L\u00f3pez Obrador.<\/p>\n<p>El 9 de febrero pasado, el mandatario mexicano anunci\u00f3 \u201cuna pausa\u201d en las relaciones diplom\u00e1ticas con el gobierno de Espa\u00f1a, al argumentar que autoridades y empresas ib\u00e9ricas se quedaron acostumbrados al \u201ccontubernio\u201d y \u00abla promiscuidad\u201d econ\u00f3mica y pol\u00edtica que ten\u00edan con sus antecesores.<\/p>\n<p>L\u00f3pez Obrador asegur\u00f3 entonces que durante tres sexenios seguidos, empresas espa\u00f1olas como Iberdrola,\u00a0Repsol y OHL fueron beneficiadas por los expresidentes Vicente Fox, Felipe Calder\u00f3n y Enrique Pe\u00f1a Nieto con contratos millonarios, lo que signific\u00f3 un saqueo para M\u00e9xico.<\/p>\n<p>\u201cVamos a darnos tiempo para respetarnos y que no nos vean como tierra de conquista. S\u00ed queremos tener buenas relaciones con todos los gobiernos y pueblos del mundo, pero no queremos que nos roben, as\u00ed como los espa\u00f1oles no quieren que lleguen de ning\u00fan pa\u00eds y \u00bfhacen bien al robarles? Pues tampoco queremos nosotros, entonces vamos a esperar porque era mucho\u201d, dijo entonces.<\/p>\n<p>Posteriormente L\u00f3pez Obrador matiz\u00f3\u00a0que la \u00abpausa\u00bb era con las empresas privadas del pa\u00eds europeo y no una ruptura de la relaci\u00f3n diplom\u00e1tica.<\/p>\n<p>Este viernes, la secretaria de Estado de Cooperaci\u00f3n Internacional del gobierno espa\u00f1ol, Pilar Cancela, dio por superado el episodio.<\/p>\n<p>\u00abEst\u00e1 superado, eso ya no existe, est\u00e1 en el olvido. Vamos a mirar al futuro\u00bb, dijo la funcionaria a la agencia EFE, despu\u00e9s en un encuentro con empresarios espa\u00f1oles en la Ciudad de M\u00e9xico.<\/p>\n<p>Cancela asegur\u00f3 que las relaciones entre ambos pa\u00edses est\u00e1n consolidadas \u00abal m\u00e1ximo nivel\u00bb y que existe una nueva etapa de di\u00e1logo entre los gobiernos.<\/p>\n<p>En su cuenta de Twitter, Cancela inform\u00f3 de su participaci\u00f3n en la firma del Memor\u00e1ndum de Entendimiento entre la compa\u00f1\u00eda espa\u00f1ola Acciona, la asociaci\u00f3n civil Ayuda en Acci\u00f3n M\u00e9xico y la Comisi\u00f3n Mexicana de Ayuda a Refugiados, dependiente de la Secretar\u00eda de Gobernaci\u00f3n de M\u00e9xico, para la inserci\u00f3n laboral de mujeres refugiadas, especialmente a v\u00edctimas de violencia sexual y de g\u00e9nero.\u00a0BBVA participa en la bancarizaci\u00f3n de ese proyecto, asegur\u00f3.<\/p>\n<\/div>\n<\/div>\n<\/div>\n<\/div>\n","protected":false},"excerpt":{"rendered":"<p>\u00abVamos a mirar al futuro\u00bb, dijo la secretaria de Estado de Cooperaci\u00f3n Internacional del gobierno espa\u00f1ol, Pilar Cancela, tras reunirse en M\u00e9xico con empresarios. El gobierno de Espa\u00f1a dio por superada la \u201cpausa\u201d en las relaciones con M\u00e9xico que solicit\u00f3 en febrero el presidente Andr\u00e9s Manuel L\u00f3pez Obrador. El 9 de febrero pasado, el mandatario [&hellip;]<\/p>\n","protected":false},"author":1,"featured_media":10614,"comment_status":"open","ping_status":"closed","sticky":false,"template":"","format":"standard","meta":{"footnotes":""},"categories":[5,7],"tags":[],"class_list":["post-10612","post","type-post","status-publish","format-standard","has-post-thumbnail","hentry","category-internacional","category-nacional"],"_links":{"self":[{"href":"https:\/\/red360digital.com\/index.php?rest_route=\/wp\/v2\/posts\/10612","targetHints":{"allow":["GET"]}}],"collection":[{"href":"https:\/\/red360digital.com\/index.php?rest_route=\/wp\/v2\/posts"}],"about":[{"href":"https:\/\/red360digital.com\/index.php?rest_route=\/wp\/v2\/types\/post"}],"author":[{"embeddable":true,"href":"https:\/\/red360digital.com\/index.php?rest_route=\/wp\/v2\/users\/1"}],"replies":[{"embeddable":true,"href":"https:\/\/red360digital.com\/index.php?rest_route=%2Fwp%2Fv2%2Fcomments&post=10612"}],"version-history":[{"count":0,"href":"https:\/\/red360digital.com\/index.php?rest_route=\/wp\/v2\/posts\/10612\/revisions"}],"wp:featuredmedia":[{"embeddable":true,"href":"https:\/\/red360digital.com\/index.php?rest_route=\/wp\/v2\/media\/10614"}],"wp:attachment":[{"href":"https:\/\/red360digital.com\/index.php?rest_route=%2Fwp%2Fv2%2Fmedia&parent=10612"}],"wp:term":[{"taxonomy":"category","embeddable":true,"href":"https:\/\/red360digital.com\/index.php?rest_route=%2Fwp%2Fv2%2Fcategories&post=10612"},{"taxonomy":"post_tag","embeddable":true,"href":"https:\/\/red360digital.com\/index.php?rest_route=%2Fwp%2Fv2%2Ftags&post=10612"}],"curies":[{"name":"wp","href":"https:\/\/api.w.org\/{rel}","templated":true}]}}