{"id":10615,"date":"2022-12-03T08:52:17","date_gmt":"2022-12-03T13:52:17","guid":{"rendered":"https:\/\/red360digital.com\/?p=10615"},"modified":"2022-12-03T13:52:26","modified_gmt":"2022-12-03T13:52:26","slug":"pausa-en-relaciones-mexico-espana-pedida-por-amlo-esta-en-el-olvido-gobierno-espanol","status":"publish","type":"post","link":"https:\/\/red360digital.com\/?p=10615","title":{"rendered":"\u2018Pausa\u2019 en relaciones M\u00e9xico-Espa\u00f1a pedida por AMLO \u2018est\u00e1 en el olvido\u2019: Gobierno espa\u00f1ol"},"content":{"rendered":"<div class=\"row\">\n<div class=\"col-sm-xl-12 layout-section wrap-bottom\">\n<h4 class=\"primary-font__PrimaryFontStyles-o56yd5-0 heuGTu h4-primary sub-headline\" style=\"text-align: center;\">En febrero, L\u00f3pez Obrador asegur\u00f3 que iba \u201ca dar un tiempo\u201d a las relaciones entre ambos pa\u00edses \u201cpara que no nos vean como \u2018tierra de conquista\u2019\u201d.<\/h4>\n<div class=\"default__StyledDiv-cj38t1-0 gCPfDm share-bar\"><\/div>\n<\/div>\n<\/div>\n<div class=\"row\">\n<div class=\"col-sm-md-12 col-lg-xl-8 left-article-section ie-flex-100-percent-sm layout-section\">\n<p class=\"default__StyledText-xb1qmn-0 cgXrXK body-paragraph\">La secretaria de Estado de Cooperaci\u00f3n Internacional del Ministerio de Asuntos Exteriores de Espa\u00f1a, Pilar Cancela, dio\u00a0<b>por superada<\/b>\u00a0la pol\u00e9mica \u201cpausa\u201d en las relaciones que pidi\u00f3 el presidente Andr\u00e9s Manuel L\u00f3pez Obrador.<\/p>\n<p class=\"default__StyledText-xb1qmn-0 cgXrXK body-paragraph\">\u201cEst\u00e1 superado,\u00a0<b>eso ya no existe, est\u00e1 en el olvido<\/b>. Vamos a mirar al futuro\u201d, dijo Cancela en declaraciones a EFE tras un encuentro con empresarios espa\u00f1oles en la Ciudad de M\u00e9xico.<\/p>\n<div id=\"arcad-feature-9795\" class=\"default__StyledAdUnit-ijbiyl-0 dmQA-dM arcad-feature margin-md-bottom \">\n<div class=\"arcad-container\">\n<div id=\"lazy_3\">\n<div id=\"inread_oop\" class=\"arcad ad-1x1\" data-google-query-id=\"CJmjitTL3fsCFeclwQodpQwFPQ\">\n<div id=\"google_ads_iframe_\/77835600\/ElFinanciero__internas\/inread_oop_0__container__\"><\/div>\n<\/div>\n<\/div>\n<\/div>\n<\/div>\n<p class=\"default__StyledText-xb1qmn-0 cgXrXK body-paragraph\">La secretaria de Estado destac\u00f3 que las relaciones bilaterales est\u00e1n consolidadas \u201cal m\u00e1ximo nivel\u201d y que est\u00e1n abriendo una \u201cnueva etapa de di\u00e1logo\u201d.<\/p>\n<p class=\"default__StyledText-xb1qmn-0 cgXrXK body-paragraph\">En febrero, L\u00f3pez Obrador asegur\u00f3 que iba \u201ca dar un tiempo\u201d a las relaciones entre ambos pa\u00edses \u201cpara respetarnos y que\u00a0no nos vean como\u00a0<b>\u2018tierra de conquista\u2019<\/b>\u201d.<\/p>\n<p class=\"default__StyledText-xb1qmn-0 cgXrXK body-paragraph\">Cancela viaj\u00f3 a la CDMX para firmar dos acuerdos con las empresas espa\u00f1olas Acciona y BBVA, con los que se comprometieron a ofrecer ayudas laborales y de bancarizaci\u00f3n<b>\u00a0a personas migrantes en M\u00e9xico<\/b>, especialmente a mujeres v\u00edctimas de violencia sexual y de g\u00e9nero.<\/p>\n<p class=\"default__StyledText-xb1qmn-0 cgXrXK body-paragraph\">\u201cAcciona se compromete a incorporar y dar puestos de trabajo a estas mujeres y BBVA les facilitar\u00e1 abrir una cuenta bancaria. As\u00ed estamos contribuyendo a que no haya econom\u00eda sumergida o informalidad y que ellas formen parte de la sociedad como ciudadanas de primera\u201d, explic\u00f3.<\/p>\n<p class=\"default__StyledText-xb1qmn-0 cgXrXK body-paragraph\">En la reuni\u00f3n tambi\u00e9n estuvo presente el embajador de Espa\u00f1a en M\u00e9xico, Juan Duarte, quien destac\u00f3 la importancia de la colaboraci\u00f3n p\u00fablico-privada y el compromiso de la poblaci\u00f3n espa\u00f1ola para \u201cmejorar las condiciones de vida en M\u00e9xico\u201d.<\/p>\n<h2 class=\"heading__StyledHeading-sc-5jxglz-0 kSxoe\">Instituciones humanitarias dan \u2018visto bueno\u2019<\/h2>\n<p class=\"default__StyledText-xb1qmn-0 cgXrXK body-paragraph\">Representantes de la Comisi\u00f3n Mexicana de Ayuda a Refugiados (Comar) y la organizaci\u00f3n civil Ayuda en Acci\u00f3n M\u00e9xico valoraron positivamente la firma de los acuerdos para apoyar el desarrollo de mujeres migrantes.<\/p>\n<p class=\"default__StyledText-xb1qmn-0 cgXrXK body-paragraph\">\u201cQue el memorando tenga como objetivo apoyar a las mujeres es sumamente importante, son personas que han sufrido much\u00edsimo: persecuci\u00f3n, acoso, violaci\u00f3n, en su propio pa\u00eds o en el pa\u00eds de asilo. Son v\u00edctimas dobles, o triples\u201d, coment\u00f3 el coordinador, Andr\u00e9s Ram\u00edrez.<\/p>\n<p class=\"default__StyledText-xb1qmn-0 cgXrXK body-paragraph\">Adem\u00e1s, destac\u00f3 que M\u00e9xico es el tercer pa\u00eds del mundo con mayor n\u00famero de personas solicitantes de asilo con 112 mil, de los que 40 por ciento son mujeres.<\/p>\n<\/div>\n<\/div>\n","protected":false},"excerpt":{"rendered":"<p>En febrero, L\u00f3pez Obrador asegur\u00f3 que iba \u201ca dar un tiempo\u201d a las relaciones entre ambos pa\u00edses \u201cpara que no nos vean como \u2018tierra de conquista\u2019\u201d. La secretaria de Estado de Cooperaci\u00f3n Internacional del Ministerio de Asuntos Exteriores de Espa\u00f1a, Pilar Cancela, dio\u00a0por superada\u00a0la pol\u00e9mica \u201cpausa\u201d en las relaciones que pidi\u00f3 el presidente Andr\u00e9s Manuel [&hellip;]<\/p>\n","protected":false},"author":1,"featured_media":10617,"comment_status":"open","ping_status":"closed","sticky":false,"template":"","format":"standard","meta":{"footnotes":""},"categories":[5,7,9],"tags":[],"class_list":["post-10615","post","type-post","status-publish","format-standard","has-post-thumbnail","hentry","category-internacional","category-nacional","category-politica"],"_links":{"self":[{"href":"https:\/\/red360digital.com\/index.php?rest_route=\/wp\/v2\/posts\/10615","targetHints":{"allow":["GET"]}}],"collection":[{"href":"https:\/\/red360digital.com\/index.php?rest_route=\/wp\/v2\/posts"}],"about":[{"href":"https:\/\/red360digital.com\/index.php?rest_route=\/wp\/v2\/types\/post"}],"author":[{"embeddable":true,"href":"https:\/\/red360digital.com\/index.php?rest_route=\/wp\/v2\/users\/1"}],"replies":[{"embeddable":true,"href":"https:\/\/red360digital.com\/index.php?rest_route=%2Fwp%2Fv2%2Fcomments&post=10615"}],"version-history":[{"count":0,"href":"https:\/\/red360digital.com\/index.php?rest_route=\/wp\/v2\/posts\/10615\/revisions"}],"wp:featuredmedia":[{"embeddable":true,"href":"https:\/\/red360digital.com\/index.php?rest_route=\/wp\/v2\/media\/10617"}],"wp:attachment":[{"href":"https:\/\/red360digital.com\/index.php?rest_route=%2Fwp%2Fv2%2Fmedia&parent=10615"}],"wp:term":[{"taxonomy":"category","embeddable":true,"href":"https:\/\/red360digital.com\/index.php?rest_route=%2Fwp%2Fv2%2Fcategories&post=10615"},{"taxonomy":"post_tag","embeddable":true,"href":"https:\/\/red360digital.com\/index.php?rest_route=%2Fwp%2Fv2%2Ftags&post=10615"}],"curies":[{"name":"wp","href":"https:\/\/api.w.org\/{rel}","templated":true}]}}