{"id":11382,"date":"2023-01-02T18:37:19","date_gmt":"2023-01-02T23:37:19","guid":{"rendered":"https:\/\/red360digital.com\/?p=11382"},"modified":"2023-01-02T23:37:28","modified_gmt":"2023-01-02T23:37:28","slug":"mexico-eligio-por-primera-vez-a-una-mujer-para-presidir-la-suprema-corte","status":"publish","type":"post","link":"https:\/\/red360digital.com\/?p=11382","title":{"rendered":"M\u00e9xico eligi\u00f3 por primera vez a una mujer para presidir la Suprema Corte"},"content":{"rendered":"<div class=\"wrapper-header\">\n<div class=\"container-xl\">\n<div class=\"row\">\n<div class=\"col-12\">\n<div class=\"head-content mb-4\">\n<h4 class=\"speak\" style=\"text-align: center;\">La elecci\u00f3n de Norma Pi\u00f1a const\u00f3 de tres rondas de votaci\u00f3n y al final logr\u00f3 la victoria por seis sufragios contra cinco sobre el otro finalista, Alfredo Guti\u00e9rrez Ortiz Mena.<\/h4>\n<\/div>\n<\/div>\n<\/div>\n<\/div>\n<\/div>\n<div class=\"wrapper-editable-content\">\n<div class=\"wrapper-info-note\">\n<div class=\"col-md-12\">\n<div class=\"wrapper-author-social\">\n<div class=\"author-box mb-4\"><strong>Norma Pi\u00f1a<\/strong>\u00a0se convertir\u00e1 en la primera mujer en presidir la Suprema Corte de Justicia de la Naci\u00f3n (SCJN) de M\u00e9xico tras ser elegida hoy en una re\u00f1ida votaci\u00f3n que sigui\u00f3 a un proceso abundante en controversias, inform\u00f3 la prensa local.<\/p>\n<p>Pi\u00f1a, licenciada de la Universidad Aut\u00f3noma de M\u00e9xico (UNAM) y desde 2015 jueza del m\u00e1ximo tribunal donde hasta hoy fue ministra de la Primera Sala, fue nominada con seis votos sobre 11, luego de presentarse cinco candidatos.<\/p>\n<p><strong>Su ingreso al tribunal 2015 fue propuesto por el entonces presidente Enrique Pe\u00f1a Nieto y ahora result\u00f3 electa despu\u00e9s de un proceso pol\u00e9mico<\/strong>\u00a0por la candidatura de Yasm\u00edn Esquivel, ministra cercana al presidente Andr\u00e9s L\u00f3pez Obrador, quien fue acusada de plagiar su tesis de licenciatura.<\/p>\n<p><strong>La elecci\u00f3n const\u00f3 de tres rondas de votaci\u00f3n y al final Pi\u00f1a logr\u00f3 la victoria por seis sufragios contra cinco sobre el otro finalista, Alfredo Guti\u00e9rrez Ortiz Mena.<\/strong><\/p>\n<p>En su primer discurso destac\u00f3 la importancia de que una mujer presida por primera vez este \u00f3rgano de justicia al sostener que se rompi\u00f3 un \u201cinaccesible techo de cristal\u201d.<\/p>\n<p><strong>\u00abAl ser la primera mujer que preside este m\u00e1ximo tribunal, represento tambi\u00e9n a las mujeres; a nuestro nombre, les agradezco la congruencia a mis compa\u00f1eras y compa\u00f1eros, reconozco la important\u00edsima determinaci\u00f3n de la mayor\u00eda de este tribunal pleno de romper lo que parec\u00eda un inaccesible techo de cristal\u00bb, expres\u00f3 Pi\u00f1a<\/strong>, seg\u00fan los diarios locales Excelsior y Milenio.<strong>Dijo que se sent\u00eda \u201cacompa\u00f1ada, respaldada y acuerpada\u201d por todas las mujeres\u00a0<\/strong>y agradeci\u00f3 \u201ca las que siempre han cre\u00eddo, a las que no se han cansado de intentar cambios que poco a poco arrinconan nuestra cultura patriarcal\u201d.<\/p>\n<p>A su vez, se comprometi\u00f3 a trabajar<strong>\u00a0\u201cpor una sociedad m\u00e1s justa, m\u00e1s igualitaria sin violencia contra las mujeres; ese es un anhelo, que no les quepa duda\u201d.<\/strong><\/p>\n<p>La elecci\u00f3n estuvo caracterizada por una serie de rispideces derivadas de la candidata nominada por L\u00f3pez Obrador en 2019 por ser esposa de un contratista cercano al Gobierno y acusada de plagiar su tesis de licenciatura.<\/p>\n<p>El pasado 21 de diciembre trascendi\u00f3 que su tesis de la Facultad de Estudios Superiores Arag\u00f3n era similar a la del licenciado de la Facultad de Derecho de la UNAM Jos\u00e9 B\u00e1ez, en esta misma casa de estudios.<\/p>\n<p>La ministra neg\u00f3 las acusaciones y durante varios d\u00edas present\u00f3 pruebas basadas en cartas de sus asesores de tesis, a la vez que denunci\u00f3 que su propio trabajo fue el plagiado, pese a que fue presentado en 1986 y el de B\u00e1ez en 1985.<\/p>\n<p>Sin embargo, d\u00edas despu\u00e9s, la UNAM confirm\u00f3 oficialmente que fue ella la plagiaria.<\/p>\n<p>Pese a la pol\u00e9mica, Esquivel se neg\u00f3 a renunciar a su postulaci\u00f3n, pero perdi\u00f3 sus opciones en la segunda ronda de votaciones, en la que solo sum\u00f3 un sufragio.<\/p>\n<p><strong>Pi\u00f1a suceder\u00e1 a Arturo Zald\u00edvar, acusado de ser demasiado cercano a L\u00f3pez Obrador<\/strong>, quien hab\u00eda propuesto una reforma legal para extender su periodo frente a la SCJN.<\/p>\n<p>Frente a los reparos, el mandatario afirm\u00f3 en su conferencia de prensa matutina que la elecci\u00f3n en la Suprema Corte es \u00abindependiente y libre\u00bb, aunque acus\u00f3 al Poder Judicial de estar \u00absecuestrado por intereses\u00bb.<\/p><\/div>\n<\/div>\n<\/div>\n<\/div>\n<\/div>\n","protected":false},"excerpt":{"rendered":"<p>La elecci\u00f3n de Norma Pi\u00f1a const\u00f3 de tres rondas de votaci\u00f3n y al final logr\u00f3 la victoria por seis sufragios contra cinco sobre el otro finalista, Alfredo Guti\u00e9rrez Ortiz Mena. Norma Pi\u00f1a\u00a0se convertir\u00e1 en la primera mujer en presidir la Suprema Corte de Justicia de la Naci\u00f3n (SCJN) de M\u00e9xico tras ser elegida hoy en [&hellip;]<\/p>\n","protected":false},"author":1,"featured_media":11384,"comment_status":"open","ping_status":"closed","sticky":false,"template":"","format":"standard","meta":{"footnotes":""},"categories":[9],"tags":[],"class_list":["post-11382","post","type-post","status-publish","format-standard","has-post-thumbnail","hentry","category-politica"],"_links":{"self":[{"href":"https:\/\/red360digital.com\/index.php?rest_route=\/wp\/v2\/posts\/11382","targetHints":{"allow":["GET"]}}],"collection":[{"href":"https:\/\/red360digital.com\/index.php?rest_route=\/wp\/v2\/posts"}],"about":[{"href":"https:\/\/red360digital.com\/index.php?rest_route=\/wp\/v2\/types\/post"}],"author":[{"embeddable":true,"href":"https:\/\/red360digital.com\/index.php?rest_route=\/wp\/v2\/users\/1"}],"replies":[{"embeddable":true,"href":"https:\/\/red360digital.com\/index.php?rest_route=%2Fwp%2Fv2%2Fcomments&post=11382"}],"version-history":[{"count":0,"href":"https:\/\/red360digital.com\/index.php?rest_route=\/wp\/v2\/posts\/11382\/revisions"}],"wp:featuredmedia":[{"embeddable":true,"href":"https:\/\/red360digital.com\/index.php?rest_route=\/wp\/v2\/media\/11384"}],"wp:attachment":[{"href":"https:\/\/red360digital.com\/index.php?rest_route=%2Fwp%2Fv2%2Fmedia&parent=11382"}],"wp:term":[{"taxonomy":"category","embeddable":true,"href":"https:\/\/red360digital.com\/index.php?rest_route=%2Fwp%2Fv2%2Fcategories&post=11382"},{"taxonomy":"post_tag","embeddable":true,"href":"https:\/\/red360digital.com\/index.php?rest_route=%2Fwp%2Fv2%2Ftags&post=11382"}],"curies":[{"name":"wp","href":"https:\/\/api.w.org\/{rel}","templated":true}]}}