{"id":11415,"date":"2023-01-03T19:15:29","date_gmt":"2023-01-04T00:15:29","guid":{"rendered":"https:\/\/red360digital.com\/?p=11415"},"modified":"2023-01-04T00:15:42","modified_gmt":"2023-01-04T00:15:42","slug":"crece-protesta-maya-en-mexico-para-recuperar-chichen-itza","status":"publish","type":"post","link":"https:\/\/red360digital.com\/?p=11415","title":{"rendered":"Crece protesta maya en M\u00e9xico para &quot;recuperar&quot; Chich\u00e9n Itz\u00e1"},"content":{"rendered":"<h4 style=\"text-align: center;\">Los bloqueos a la majestuosa ciudad prehisp\u00e1nica continuaban, mientras aumentaba la presencia de campesinos que piden la destituci\u00f3n de las autoridades de la zona arqueol\u00f3gica, se\u00f1aladas de impedirles trabajar.<\/h4>\n<div class=\"sc-i99mgx-0 ibkQDS\">\n<div class=\"block-text\">\n<p>Una protesta para \u00abrecuperar\u00bb la zona arqueol\u00f3gica de Chich\u00e9n Itz\u00e1, la m\u00e1s importante del sureste de M\u00e9xico y que anualmente recibe a millones de turistas de todo el mundo,\u00a0<strong>se reforz\u00f3 este lunes con la llegada de campesinos de la pen\u00ednsula de Yucat\u00e1n.<\/strong><\/p>\n<\/div>\n<\/div>\n<div class=\"sc-i99mgx-0 ibkQDS\">\n<div class=\"block-text\">\n<p>La batalla por la \u00abrecuperaci\u00f3n\u00bb de las ruinas la encabezan ind\u00edgenas de las comunidades de Pist\u00e9, Xcalakoop y San Felipe, comunidades de Yucat\u00e1n donde se asienta la zona arqueol\u00f3gica y\u00a0<strong>en su acci\u00f3n denuncian corrupci\u00f3n del encargado de la zona arqueol\u00f3gica.<\/strong><\/p>\n<\/div>\n<\/div>\n<div class=\"sc-i99mgx-0 ibkQDS\">\n<div class=\"block-text\">\n<p>\u00abM\u00e1s grupos de ejidatarios de la regi\u00f3n y del centro del pa\u00eds se suman al cierre de carreteras y otras zonas arqueol\u00f3gicas\u00a0<strong>para pedir la destituci\u00f3n del director de Chich\u00e9n Itz\u00e1, Marco Antonio Santos Ram\u00edrez, quien con sus acciones atenta contra la cultura maya<\/strong>\u00ab, inform\u00f3 a EFE el comisario de Xcalacoop, Jerem\u00edas Cim\u00e9 Ciau.<\/p>\n<p>El sembrador, quien junto con otras 700 personas bloque\u00f3 este lunes dos carreteras que conducen al sitio arqueol\u00f3gico considerado por el Instituto Nacional de Antropolog\u00eda e Historia (INAH) de M\u00e9xico como el m\u00e1s visitado del pa\u00eds, dej\u00f3 muy claro que seguir\u00e1n firmes en sus demandas,<strong>\u00a0\u00abestamos hartos que viole nuestros usos y costumbres\u00bb<\/strong>.<\/p>\n<\/div>\n<\/div>\n<div class=\"sc-i99mgx-0 ibkQDS\">\n<div class=\"block-text\">\n<h2>Zona arqueol\u00f3gica luci\u00f3 semivac\u00eda<\/h2>\n<\/div>\n<\/div>\n<div class=\"sc-i99mgx-0 ibkQDS\">\n<div class=\"block-text\">\n<p>\u00abTenemos el apoyo de ind\u00edgenas de otras partes del pa\u00eds y ante tal fuerza podr\u00edamos tomar las oficinas del Centro INAH-Yucat\u00e1n y el acceso principal a la majestuosa ciudad prehisp\u00e1nica,\u00a0<strong>pero el cierre de las v\u00edas de Pist\u00e9 y Xcalacoop seguir\u00e1,<\/strong>\u00a0no doblaremos las manos\u00bb, asegur\u00f3.<\/p>\n<\/div>\n<\/div>\n<div class=\"sc-i99mgx-0 ibkQDS\">\n<div class=\"block-text\">\n<p>El bloqueo de carreteras que comenz\u00f3 a las 7.00 hora local logr\u00f3 su objetivo:\u00a0<strong>evitar el paso de veh\u00edculos que transportar\u00edan a turistas nacionales y extranjeros,\u00a0<\/strong>aunque el sitio prehisp\u00e1nico no estuvo cerrado.<\/p>\n<\/div>\n<\/div>\n<div class=\"sc-i99mgx-0 ibkQDS\">\n<div class=\"block-text\">\n<p>El sitio que a diario recibe a miles de visitantes permaneci\u00f3 semivac\u00edo, dejando de percibir importantes ingresos econ\u00f3micos, ya que llegan visitantes de Asia, Europa, Norte y Latinoam\u00e9rica.<\/p>\n<\/div>\n<\/div>\n<div class=\"sc-i99mgx-0 ibkQDS\">\n<div class=\"block-text\">\n<p><strong>\u00abHoy acudieron pocos visitantes que eran hu\u00e9spedes de los cinco hoteles que est\u00e1n en la zona y alrededores de Chich\u00e9n Itz\u00e1\u00bb<\/strong>, dijo.<\/p>\n<\/div>\n<\/div>\n<div class=\"sc-i99mgx-0 ibkQDS\">\n<div class=\"block-text\">\n<h2>Denuncian \u00ababuso de poder\u00bb<\/h2>\n<\/div>\n<\/div>\n<div class=\"sc-i99mgx-0 ibkQDS\">\n<div class=\"block-text\">\n<p>El l\u00edder ind\u00edgena aclar\u00f3 que no quieren que cierren Chich\u00e9n Itz\u00e1, \u00abel objetivo es que el INAH\u00a0<strong>destituya al director que abusa de su poder para evitar que nosotros los ind\u00edgenas trabajemos en el sitio<\/strong>, un lugar que es nuestro, que perteneci\u00f3 a nuestros abuelos mayas\u00bb.<\/p>\n<\/div>\n<\/div>\n<div class=\"sc-i99mgx-0 ibkQDS\">\n<div class=\"block-text\">\n<p>Sin embargo, el delegado del Centro INAH Yucat\u00e1n, Jos\u00e9 Arturo Chab C\u00e1rdenas, asegur\u00f3 a EFE que la dependencia a su cargo\u00a0<strong>\u00abno destituir\u00e1\u00bb\u00a0<\/strong>a Santos Ram\u00edrez y ser\u00e1 respetuoso de las manifestaciones de gu\u00edas de turistas, artesanos, vendedores y ejidatarios de comunidades aleda\u00f1as.<\/p>\n<\/div>\n<\/div>\n<div class=\"sc-i99mgx-0 ibkQDS\">\n<div class=\"block-text\">\n<p>Durante el bloqueo, cerca del mediod\u00eda, una de las mujeres de nombre Silvia Cem\u00e9, l\u00edder de los artesanos de Pist\u00e9, se manifest\u00f3 en su lengua materna.\u00a0<strong>\u00abLa zona arqueol\u00f3gica es nuestra, no nos vamos a ir a ning\u00fan lado, el bloqueo seguir\u00e1, s\u00f3lo muertos nos podr\u00e1n sacar de las carreteras\u00bb<\/strong>, a\u00f1adi\u00f3.<\/p>\n<\/div>\n<\/div>\n<div class=\"sc-i99mgx-0 ibkQDS\">\n<div class=\"block-text\">\n<h2>Impiden trabajar a los comunitarios<\/h2>\n<\/div>\n<\/div>\n<div class=\"sc-i99mgx-0 ibkQDS\">\n<div class=\"block-text\">\n<p>La l\u00edder argument\u00f3 que la protesta no solo es por el abuso de poder del director de Chich\u00e9n Itz\u00e1, que con apoyo de la Guardia Nacional impide trabajar a los habitantes de las comunidades donde se asienta el sitio.<\/p>\n<\/div>\n<\/div>\n<div class=\"sc-i99mgx-0 ibkQDS\">\n<div class=\"block-text\">\n<p><strong>\u00abEllos (el INAH) hacen millones y millones de pesos y nosotros, que somos due\u00f1os de la tierra por herencia de nuestra cultura, no recibimos nada\u00bb<\/strong>, apunt\u00f3.<\/p>\n<\/div>\n<\/div>\n<div class=\"sc-i99mgx-0 ibkQDS\">\n<div class=\"block-text\">\n<p>Arturo Ciau Puc, secretario de Asuntos Ind\u00edgenas de Yucat\u00e1n, quien funge como mediador entre los representantes de 14 comunidades ind\u00edgenas de la regi\u00f3n, dijo que la lucha es pac\u00edfica,\u00a0<strong>\u00abpor eso m\u00e1s ind\u00edgenas se suman al movimiento social que surgi\u00f3 este 2 de enero\u00bb.<\/strong><\/p>\n<\/div>\n<\/div>\n<div class=\"sc-i99mgx-0 ibkQDS\">\n<div class=\"block-text\">\n<p>\u00abHoy hemos tomado la decisi\u00f3n de seguir con el bloqueo para tratar de recuperar Chich\u00e9n Itz\u00e1, aunque lamentamos que afecte a terceros\u00bb, indicaron las comunidades ind\u00edgenas.<\/p>\n<\/div>\n<\/div>\n","protected":false},"excerpt":{"rendered":"<p>Los bloqueos a la majestuosa ciudad prehisp\u00e1nica continuaban, mientras aumentaba la presencia de campesinos que piden la destituci\u00f3n de las autoridades de la zona arqueol\u00f3gica, se\u00f1aladas de impedirles trabajar. Una protesta para \u00abrecuperar\u00bb la zona arqueol\u00f3gica de Chich\u00e9n Itz\u00e1, la m\u00e1s importante del sureste de M\u00e9xico y que anualmente recibe a millones de turistas de [&hellip;]<\/p>\n","protected":false},"author":1,"featured_media":11417,"comment_status":"open","ping_status":"closed","sticky":false,"template":"","format":"standard","meta":{"footnotes":""},"categories":[7],"tags":[],"class_list":["post-11415","post","type-post","status-publish","format-standard","has-post-thumbnail","hentry","category-nacional"],"_links":{"self":[{"href":"https:\/\/red360digital.com\/index.php?rest_route=\/wp\/v2\/posts\/11415","targetHints":{"allow":["GET"]}}],"collection":[{"href":"https:\/\/red360digital.com\/index.php?rest_route=\/wp\/v2\/posts"}],"about":[{"href":"https:\/\/red360digital.com\/index.php?rest_route=\/wp\/v2\/types\/post"}],"author":[{"embeddable":true,"href":"https:\/\/red360digital.com\/index.php?rest_route=\/wp\/v2\/users\/1"}],"replies":[{"embeddable":true,"href":"https:\/\/red360digital.com\/index.php?rest_route=%2Fwp%2Fv2%2Fcomments&post=11415"}],"version-history":[{"count":0,"href":"https:\/\/red360digital.com\/index.php?rest_route=\/wp\/v2\/posts\/11415\/revisions"}],"wp:featuredmedia":[{"embeddable":true,"href":"https:\/\/red360digital.com\/index.php?rest_route=\/wp\/v2\/media\/11417"}],"wp:attachment":[{"href":"https:\/\/red360digital.com\/index.php?rest_route=%2Fwp%2Fv2%2Fmedia&parent=11415"}],"wp:term":[{"taxonomy":"category","embeddable":true,"href":"https:\/\/red360digital.com\/index.php?rest_route=%2Fwp%2Fv2%2Fcategories&post=11415"},{"taxonomy":"post_tag","embeddable":true,"href":"https:\/\/red360digital.com\/index.php?rest_route=%2Fwp%2Fv2%2Ftags&post=11415"}],"curies":[{"name":"wp","href":"https:\/\/api.w.org\/{rel}","templated":true}]}}