{"id":11495,"date":"2023-01-05T17:38:07","date_gmt":"2023-01-05T22:38:07","guid":{"rendered":"https:\/\/red360digital.com\/?p=11495"},"modified":"2023-01-05T22:38:16","modified_gmt":"2023-01-05T22:38:16","slug":"biden-anuncia-su-intencion-de-visitar-la-frontera-con-mexico-por-primera-vez-como-presidente","status":"publish","type":"post","link":"https:\/\/red360digital.com\/?p=11495","title":{"rendered":"Biden anuncia su &quot;intenci\u00f3n&quot; de visitar la frontera con M\u00e9xico por primera vez como presidente"},"content":{"rendered":"<h4 style=\"text-align: center;\">El presidente Joe Biden abordar\u00e1 el jueves el espinoso tema migratorio en un discurso y prev\u00e9 visitar la frontera entre Estados Unidos y M\u00e9xico, probablemente la pr\u00f3xima semana.<\/h4>\n<p>\u00abPronunciar\u00e9 un discurso ma\u00f1ana sobre la seguridad fronteriza\u00bb, dijo el mandatario estadounidense\u00a0a los periodistas este mi\u00e9rcoles en la Casa Blanca.<\/p>\n<p>Poco antes afirm\u00f3 que tiene la \u00abintenci\u00f3n\u00bb de viajar a la zona fronteriza por primera vez desde que asumi\u00f3 el cargo hace dos a\u00f1os, posiblemente al margen de un viaje previsto a M\u00e9xico la pr\u00f3xima semana. \u00abEsa es mi intenci\u00f3n. Ahora estamos trabajando en los detalles\u00bb, afirm\u00f3 Biden durante una visita a Kentucky.<\/p>\n<p>Se desconoce a qu\u00e9 parte ir\u00eda de la frontera, que tiene m\u00e1s de 3.057 kil\u00f3metros de largo.<\/p>\n<p>Biden viajar\u00e1 el lunes a M\u00e9xico para participar en una cumbre de dirigentes norteamericanos junto al primer ministro canadiense Justin Trudeau y el presidente mexicano Andr\u00e9s Manuel L\u00f3pez Obrador.<\/p>\n<p>Desde su investidura, el Gobierno dem\u00f3crata intenta esquivar la seguridad fronteriza, un problema complejo que otros presidentes no han podido resolver.<\/p>\n<p>La econom\u00eda estadounidense depende en gran medida de la mano de obra extranjera, pero la cantidad de migrantes, muchos de ellos latinoamericanos, que a veces ponen sus vidas en peligro en su intento por llegar a Estados Unidos en busca de una vida mejor o para pedir asilo, ha tensado mucho el sistema.<\/p>\n<p>Miembros de su Gobierno han llegado a decir que el sistema migratorio est\u00e1 \u00abroto\u00bb.<\/p>\n<p><strong>Una batalla pol\u00edtica<\/strong><\/p>\n<p>Algunas de las batallas pol\u00edticas m\u00e1s feroces de los \u00faltimos a\u00f1os se han librado en torno a la situaci\u00f3n en la frontera con M\u00e9xico.<\/p>\n<p>Su predecesor republicano, Donald Trump, lleg\u00f3 al poder en 2016 en gran parte gracias a un mensaje que calificaba de \u00abdelincuentes\u00bb, e incluso de \u00abvioladores y asesinos\u00bb, a quienes cruzan esta frontera. Una ret\u00f3rica incendiaria que cal\u00f3 en comunidades preocupadas por la delincuencia o la p\u00e9rdida de empleo.<\/p>\n<p>Biden, quien derrot\u00f3 a Trump en 2020, prometi\u00f3 restaurar los valores tradicionales de Estados Unidos en la frontera, es decir, brindar refugio a los solicitantes de asilo y poner fin a las duras pol\u00edticas de detenci\u00f3n para quienes la cruzan sin la documentaci\u00f3n necesaria.<\/p>\n<p>La pandemia de Covid-19 ha complicado el debate, con una batalla legal en curso sobre si las restricciones sanitarias utilizadas para frenar y expulsar r\u00e1pidamente a migrantes deben mantenerse.<\/p>\n<p>El tema fronterizo es una de las principales debilidades pol\u00edticas de Biden, una piedra en su camino para la reelecci\u00f3n si se presenta a un segundo mandato en el cargo, como har\u00e1 seg\u00fan sus consejeros.<\/p>\n<p>Los guardias fronterizos a menudo se ven abrumados por la afluencia de migrantes o solicitantes de asilo, muchos de los cuales huyen de la miseria. Son muchos de ellos de Am\u00e9rica Central, haitianos, venezolanos, cubanos y de otros pa\u00edses que se exponen a un largo y peligroso viaje.<\/p>\n<div class=\"t-content__body u-clearfix\" data-empty-p=\"false\">\n<p>Algunos conservadores acusan a Biden de abandonar a su suerte la frontera y la Casa Blanca responde que la llave para resolver el problema la tiene el Congreso, donde los legisladores republicanos y dem\u00f3cratas son incapaces de ponerse de acuerdo sobre las reformas migratorias.<\/p>\n<\/div>\n<div class=\"t-content__tags\">\n<ul class=\"m-tags-list\">\n<li class=\"m-tags-list__tag\"><\/li>\n<\/ul>\n<\/div>\n","protected":false},"excerpt":{"rendered":"<p>El presidente Joe Biden abordar\u00e1 el jueves el espinoso tema migratorio en un discurso y prev\u00e9 visitar la frontera entre Estados Unidos y M\u00e9xico, probablemente la pr\u00f3xima semana. \u00abPronunciar\u00e9 un discurso ma\u00f1ana sobre la seguridad fronteriza\u00bb, dijo el mandatario estadounidense\u00a0a los periodistas este mi\u00e9rcoles en la Casa Blanca. Poco antes afirm\u00f3 que tiene la \u00abintenci\u00f3n\u00bb [&hellip;]<\/p>\n","protected":false},"author":1,"featured_media":11497,"comment_status":"open","ping_status":"closed","sticky":false,"template":"","format":"standard","meta":{"footnotes":""},"categories":[7],"tags":[],"class_list":["post-11495","post","type-post","status-publish","format-standard","has-post-thumbnail","hentry","category-nacional"],"_links":{"self":[{"href":"https:\/\/red360digital.com\/index.php?rest_route=\/wp\/v2\/posts\/11495","targetHints":{"allow":["GET"]}}],"collection":[{"href":"https:\/\/red360digital.com\/index.php?rest_route=\/wp\/v2\/posts"}],"about":[{"href":"https:\/\/red360digital.com\/index.php?rest_route=\/wp\/v2\/types\/post"}],"author":[{"embeddable":true,"href":"https:\/\/red360digital.com\/index.php?rest_route=\/wp\/v2\/users\/1"}],"replies":[{"embeddable":true,"href":"https:\/\/red360digital.com\/index.php?rest_route=%2Fwp%2Fv2%2Fcomments&post=11495"}],"version-history":[{"count":0,"href":"https:\/\/red360digital.com\/index.php?rest_route=\/wp\/v2\/posts\/11495\/revisions"}],"wp:featuredmedia":[{"embeddable":true,"href":"https:\/\/red360digital.com\/index.php?rest_route=\/wp\/v2\/media\/11497"}],"wp:attachment":[{"href":"https:\/\/red360digital.com\/index.php?rest_route=%2Fwp%2Fv2%2Fmedia&parent=11495"}],"wp:term":[{"taxonomy":"category","embeddable":true,"href":"https:\/\/red360digital.com\/index.php?rest_route=%2Fwp%2Fv2%2Fcategories&post=11495"},{"taxonomy":"post_tag","embeddable":true,"href":"https:\/\/red360digital.com\/index.php?rest_route=%2Fwp%2Fv2%2Ftags&post=11495"}],"curies":[{"name":"wp","href":"https:\/\/api.w.org\/{rel}","templated":true}]}}