{"id":1182,"date":"2020-09-02T00:15:20","date_gmt":"2020-09-02T00:15:20","guid":{"rendered":"http:\/\/whatsappcancun.com\/?p=1182"},"modified":"2020-09-02T00:15:20","modified_gmt":"2020-09-02T00:15:20","slug":"terremoto-de-magnitud-6-8-sacude-el-norte-de-chile-video","status":"publish","type":"post","link":"https:\/\/red360digital.com\/?p=1182","title":{"rendered":"Terremoto de magnitud 6.8 sacude el norte de Chile (+video)"},"content":{"rendered":"\n<p>Terremoto de magnitud 6.8 sacude el norte de Chile, destac\u00f3 el Centro Alem\u00e1n de Investigaci\u00f3n de Geociencias GFZ, con da\u00f1os menores y deslizamientos de tierra menores en v\u00edas cercanas, seg\u00fan las autoridades. Se registraron r\u00e9plicas de 6.2 y 5.5.<\/p>\n\n\n\n<blockquote class=\"wp-block-quote is-layout-flow wp-block-quote-is-layout-flow\"><p>\u201cPreliminarmente, no se reportan da\u00f1os a personas, alteraci\u00f3n a servicios b\u00e1sicos o infraestructura producto de este sismo\u201d, se\u00f1al\u00f3 la Oficina Nacional de Emergencia del Ministerio del Interior y Seguridad P\u00fablica (Onemi).<\/p><\/blockquote>\n\n\n\n<blockquote class=\"wp-block-quote is-layout-flow wp-block-quote-is-layout-flow\"><p>\u201cSe reporta la ca\u00edda de rodados en diversas rutas de la regi\u00f3n\u201d, dijo el servicio chileno de emergencias.<\/p><\/blockquote>\n\n\n\n<figure class=\"wp-block-embed-twitter wp-block-embed is-type-rich is-provider-twitter\"><div class=\"wp-block-embed__wrapper\">\n<blockquote class=\"twitter-tweet\" data-width=\"550\" data-dnt=\"true\"><p lang=\"es\" dir=\"ltr\">ATACAMA \u26a0\ufe0f | C\u00e1mara de seguridad ubicada en calle Carlos Van Buren, en Copiap\u00f3, registr\u00f3 el fuerte sismo 7.0Mw con epicentro a 55 kil\u00f3metros al norte Huasco.<br><br>V\u00eddeo: Radio Nost\u00e1lgica. <a href=\"https:\/\/t.co\/MkJoeXN3b0\">pic.twitter.com\/MkJoeXN3b0<\/a><\/p>&mdash; Red Geocient\u00edfica de Chile (@RedGeoChile) <a href=\"https:\/\/twitter.com\/RedGeoChile\/status\/1300678070043635712?ref_src=twsrc%5Etfw\">September 1, 2020<\/a><\/blockquote><script async src=\"https:\/\/platform.twitter.com\/widgets.js\" charset=\"utf-8\"><\/script>\n<\/div><\/figure>\n\n\n\n<blockquote class=\"wp-block-quote is-layout-flow wp-block-quote-is-layout-flow\"><p>\u201cEl regulador de miner\u00eda inform\u00f3 que al momento las empresas mineras emplazadas en la regi\u00f3n, se encuentran sin novedades\u201d, agreg\u00f3 el servicio.<\/p><\/blockquote>\n\n\n\n<p>El Centro Nacional de Alerta de Tsunamis del Ecuador, que pertenece al Instituto Oceanogr\u00e1fico y Ant\u00e1rtico de la Armada (Inocar) emiti\u00f3 cinco informes tras el sismo en Chile y sus r\u00e9plicas.<\/p>\n\n\n\n<p>Terremoto de magnitud 6.8 sacude Chile; se reportan da\u00f1os menores<\/p>\n\n\n\n<p>De acuerdo con los datos tomados del Centro de Monitoreo Oce\u00e1nico, se concluy\u00f3 que \u00e9stos no reun\u00edan las condiciones necesarias para generar un tsunami en las costas ecuatorianas y en la regi\u00f3n insular.<\/p>\n\n\n\n<figure class=\"wp-block-embed-twitter wp-block-embed is-type-rich is-provider-twitter\"><div class=\"wp-block-embed__wrapper\">\n<blockquote class=\"twitter-tweet\" data-width=\"550\" data-dnt=\"true\"><p lang=\"es\" dir=\"ltr\">Im\u00e1genes del sismo magnitud 7.0 en <a href=\"https:\/\/twitter.com\/hashtag\/Chile?src=hash&amp;ref_src=twsrc%5Etfw\">#Chile<\/a>; minutos despu\u00e9s se registr\u00f3 una r\u00e9plica magnitud 6.3. La Oficina Nacional de Emergencia del Ministerio del Interior y Seguridad P\u00fablica no reporta da\u00f1os.<br>\ud83c\udfa5 Carola Tapia <a href=\"https:\/\/t.co\/mQcqKpRwS6\">pic.twitter.com\/mQcqKpRwS6<\/a><\/p>&mdash; Fuerza Informativa Azteca (@AztecaNoticias) <a href=\"https:\/\/twitter.com\/AztecaNoticias\/status\/1300662050218270720?ref_src=twsrc%5Etfw\">September 1, 2020<\/a><\/blockquote><script async src=\"https:\/\/platform.twitter.com\/widgets.js\" charset=\"utf-8\"><\/script>\n<\/div><\/figure>\n\n\n\n<p>Chile se localiza en el Anillo de Fuego del Pac\u00edfico, un arco de fallas que rodean la Cuenca del Pac\u00edfico que es propensa a frecuentes terremotos.<\/p>\n\n\n\n<p>Las instalaciones mineras en Chile est\u00e1n construidas para resistir fuertes terremotos.<\/p>\n","protected":false},"excerpt":{"rendered":"<p>Terremoto de magnitud 6.8 sacude el norte de Chile, destac\u00f3 el Centro Alem\u00e1n de Investigaci\u00f3n de Geociencias GFZ, con da\u00f1os menores y deslizamientos de tierra menores en v\u00edas cercanas, seg\u00fan las autoridades. Se registraron r\u00e9plicas de 6.2 y 5.5. \u201cPreliminarmente, no se reportan da\u00f1os a personas, alteraci\u00f3n a servicios b\u00e1sicos o infraestructura producto de este [&hellip;]<\/p>\n","protected":false},"author":1,"featured_media":1183,"comment_status":"open","ping_status":"closed","sticky":false,"template":"","format":"standard","meta":{"footnotes":""},"categories":[5],"tags":[],"class_list":["post-1182","post","type-post","status-publish","format-standard","has-post-thumbnail","hentry","category-internacional"],"_links":{"self":[{"href":"https:\/\/red360digital.com\/index.php?rest_route=\/wp\/v2\/posts\/1182","targetHints":{"allow":["GET"]}}],"collection":[{"href":"https:\/\/red360digital.com\/index.php?rest_route=\/wp\/v2\/posts"}],"about":[{"href":"https:\/\/red360digital.com\/index.php?rest_route=\/wp\/v2\/types\/post"}],"author":[{"embeddable":true,"href":"https:\/\/red360digital.com\/index.php?rest_route=\/wp\/v2\/users\/1"}],"replies":[{"embeddable":true,"href":"https:\/\/red360digital.com\/index.php?rest_route=%2Fwp%2Fv2%2Fcomments&post=1182"}],"version-history":[{"count":0,"href":"https:\/\/red360digital.com\/index.php?rest_route=\/wp\/v2\/posts\/1182\/revisions"}],"wp:featuredmedia":[{"embeddable":true,"href":"https:\/\/red360digital.com\/index.php?rest_route=\/wp\/v2\/media\/1183"}],"wp:attachment":[{"href":"https:\/\/red360digital.com\/index.php?rest_route=%2Fwp%2Fv2%2Fmedia&parent=1182"}],"wp:term":[{"taxonomy":"category","embeddable":true,"href":"https:\/\/red360digital.com\/index.php?rest_route=%2Fwp%2Fv2%2Fcategories&post=1182"},{"taxonomy":"post_tag","embeddable":true,"href":"https:\/\/red360digital.com\/index.php?rest_route=%2Fwp%2Fv2%2Ftags&post=1182"}],"curies":[{"name":"wp","href":"https:\/\/api.w.org\/{rel}","templated":true}]}}