{"id":11828,"date":"2023-01-14T12:43:02","date_gmt":"2023-01-14T17:43:02","guid":{"rendered":"https:\/\/red360digital.com\/?p=11828"},"modified":"2023-01-14T17:43:11","modified_gmt":"2023-01-14T17:43:11","slug":"benito-juarez-a-176-anos-de-que-el-benemerito-de-las-americas-se-inicio-como-mason","status":"publish","type":"post","link":"https:\/\/red360digital.com\/?p=11828","title":{"rendered":"Benito Ju\u00e1rez: a 176 a\u00f1os de que el Benem\u00e9rito de las Am\u00e9ricas se inici\u00f3 como mas\u00f3n"},"content":{"rendered":"<h4 class=\"article-subheadline\" style=\"text-align: center;\">El 15 de enero de 1847, Benito Ju\u00e1rez se inici\u00f3 en la masoner\u00eda en el Palacio Nacional<\/h4>\n<div class=\"byline\">\n<div class=\"byline-text-wrapper\">\n<p class=\"paragraph\">No cabe duda que uno de los personajes hist\u00f3ricos m\u00e1s importantes que hay en M\u00e9xico es<b>\u00a0Benito Pablo Ju\u00e1rez Garc\u00eda,<\/b>\u00a0quien a pesar de haber nacido en la\u00a0<b>pobreza, ser hu\u00e9rfano y tener muchas carencias,<\/b>\u00a0lleg\u00f3 a ser un importante pol\u00edtico, estudiando derecho, siendo\u00a0<b>presidente de la Suprema Corte, hasta llegar a la presidencia del pa\u00eds.<\/b><\/p>\n<p><a id=\"recommended-card-0\" class=\"recommended-card recommended-card--infobae\" href=\"https:\/\/www.infobae.com\/america\/mexico\/2023\/01\/11\/cual-es-la-botana-milenaria-que-consumian-los-mexicas-y-que-sigue-siendo-una-de-las-favoritas-en-mexico\/\" target=\"_blank\" rel=\"noopener noreferrer\" aria-label=\"Cu\u00e1l es la botana milenaria que consum\u00edan los mexicas y que sigue siendo una de las favoritas en M\u00e9xico\"><\/a><\/p>\n<p class=\"paragraph\">Sin embargo, la vida pol\u00edtica de Ju\u00e1rez no fue nada sencilla, pues cuando estuvo al frente de M\u00e9xico, le toc\u00f3 enfrentar varias situaciones que, con madurez e inteligencia, supo sobrellevar y salir victorioso. Una de ellas fue la\u00a0<b>Guerra de los Tres A\u00f1os, de 1858 a 1861.<\/b>\u00a0Este fue un enfrentamiento que se suscit\u00f3 entre\u00a0<b>liberales y conservadores<\/b>, al buscar estos \u00faltimos deslegitimar a la\u00a0<b>Constituci\u00f3n de 1857<\/b>. Ju\u00e1rez, en este movimiento armado, represent\u00f3 a los liberales.<\/p>\n<div class=\"inline ad-wrapper\">\n<div class=\"dfpAd display_inline_block ad_margin_wrapper\">\n<div id=\"america\/mexico\/nota\/inline\" class=\"america\/mexico\/nota\/inline arcad\" data-google-query-id=\"COz95LTNx_wCFaqUJwIdDzEPow\">\n<p class=\"paragraph\">Las consecuencias de esta\u00a0<b>Guerra Civil<\/b>\u00a0fue miles de muertos, p\u00e9rdidas econ\u00f3micas, un enorme debilitamiento militar, econ\u00f3mico y pol\u00edtico de la naci\u00f3n mexicana.<\/p>\n<p class=\"paragraph\">Otro de los eventos que le toc\u00f3 enfrentar a Ju\u00e1rez, fue la<b>\u00a0Segunda Intervenci\u00f3n Francesa<\/b>, cuando debido a los estragos de la\u00a0<b>Guerra de los Tres A\u00f1os, tambi\u00e9n conocida como Guerra de Reforma<\/b>, decidi\u00f3\u00a0<b>cancelar el pago de la deuda externa<\/b>, lo que provoc\u00f3 que tres de los pa\u00edses que se vieron afectados con la medida,\u00a0<b>Francia, Inglaterra y Espa\u00f1a<\/b>, mandaran tropas, amenazando con atacar a M\u00e9xico si no se derogaba esta decisi\u00f3n.<\/p>\n<p class=\"paragraph\">Esto hizo reflexionar a Ju\u00e1rez e hizo que mandara a su personal a negociar y determinar que seguir\u00eda con los pagos de la deuda externa, con lo que\u00a0<b>Inglaterra y Espa\u00f1a quedaron satisfechos<\/b>\u00a0y retiraron a sus tropas. Sin embargo,\u00a0<b>Francia\u00a0<\/b>vio una gran oportunidad de hacerse de un territorio en Am\u00e9rica, por lo que no acept\u00f3 y atac\u00f3.<\/p>\n<p class=\"paragraph\">Con esto comenz\u00f3 el\u00a0<b>Segundo Imperio de M\u00e9xico<\/b>, que estuvo a cargo de\u00a0<b>Maximiliano de Habsburgo y Carlota<\/b>, durando 3 a\u00f1os, de 1864 a 1867. Sin embargo, por problemas internos y amenazas de los Estados Unidos por no ver con buenos ojos la invasi\u00f3n a un territorio americano,\u00a0<b>Napole\u00f3n Tercero, quien gobernaba Francia<\/b>\u00a0y hab\u00eda ofrecido la corona a\u00a0<b>Maximiliano<\/b>, decidi\u00f3 retirar las tropas francesas, dejando al austriaco indefenso. Por esto,\u00a0<b>Maximiliano fue fusilado el 19 de junio de 1867,<\/b>\u00a0hecho con el que termin\u00f3 el Segundo Imperio de M\u00e9xico.<\/p>\n<p class=\"paragraph\">Mucho se habla de Benito Ju\u00e1rez. Muchos lo califican como el mejor presidente de M\u00e9xico, y otros m\u00e1s como un traidor.<\/p>\n<p class=\"paragraph\">Sin embargo, la\u00a0<b>vida privada de Ju\u00e1rez iba m\u00e1s all\u00e1 de lo pol\u00edtico<\/b>, pues quien fuera presidente del pa\u00eds de 1858 a 1872, ten\u00eda un papel muy activo en la masoner\u00eda en M\u00e9xico, y el\u00a0<b>pr\u00f3ximo domingo 15 de enero, se cumplen 176 a\u00f1os\u00a0<\/b>de que se inici\u00f3 en esta pr\u00e1ctica, pues fue en esa fecha, pero de\u00a0<b>1847<\/b>.<\/p>\n<p class=\"paragraph\">Y es que existe suficiente evidencia hist\u00f3rica de que<b>\u00a0Ju\u00e1rez perteneci\u00f3 de una u otra forma a la masoner\u00eda en M\u00e9xico.\u00a0<\/b>Una de las evidencias m\u00e1s contundentes, es el hecho de que en la actualidad, los\u00a0<b>masones mexicanos realizan una ceremonia en el Hemiciclo a Ju\u00e1rez en la Alameda Central de la Ciudad de M\u00e9xico cada 15 de enero,\u00a0<\/b>d\u00eda en que Ju\u00e1rez se inici\u00f3 en la masoner\u00eda, en el\u00a0<b>Rito Nacional Mexicano, en el Taller Independencia No. 2,\u00a0<\/b>cuyo gran maestro era el diputado\u00a0<b>Jos\u00e9 Mar\u00eda del R\u00edo<\/b>. En ese entonces, el\u00a0<b>Benem\u00e9rito de las Am\u00e9ricas,<\/b>\u00a0como tambi\u00e9n era conocido, era diputado del\u00a0<b>Congreso general por Oaxaca.<\/b><\/p>\n<p class=\"paragraph\">Ju\u00e1rez adopt\u00f3 el nombre simb\u00f3lico de\u00a0<b>Guillermo Tell,\u00a0<\/b>por ser una figura representativa de la lucha por la libertad. La iniciaci\u00f3n se llev\u00f3 a cabo en\u00a0<b>Palacio Nacional,<\/b>\u00a0dentro de un\u00a0<b>sal\u00f3n del Senado de la Rep\u00fablica\u00a0<\/b>habilitado como templo mas\u00f3nico. A la ceremonia asistieron el entonces vicepresidente\u00a0<b>Valent\u00edn G\u00f3mez Far\u00edas y Miguel Lerdo de Tejada<\/b>, entre otros pol\u00edticos, militares e intelectuales de gran relevancia en el siglo XIX.<\/p>\n<\/div>\n<\/div>\n<\/div>\n<\/div>\n<\/div>\n","protected":false},"excerpt":{"rendered":"<p>El 15 de enero de 1847, Benito Ju\u00e1rez se inici\u00f3 en la masoner\u00eda en el Palacio Nacional No cabe duda que uno de los personajes hist\u00f3ricos m\u00e1s importantes que hay en M\u00e9xico es\u00a0Benito Pablo Ju\u00e1rez Garc\u00eda,\u00a0quien a pesar de haber nacido en la\u00a0pobreza, ser hu\u00e9rfano y tener muchas carencias,\u00a0lleg\u00f3 a ser un importante pol\u00edtico, estudiando [&hellip;]<\/p>\n","protected":false},"author":1,"featured_media":11830,"comment_status":"open","ping_status":"closed","sticky":false,"template":"","format":"standard","meta":{"footnotes":""},"categories":[2],"tags":[],"class_list":["post-11828","post","type-post","status-publish","format-standard","has-post-thumbnail","hentry","category-cultural"],"_links":{"self":[{"href":"https:\/\/red360digital.com\/index.php?rest_route=\/wp\/v2\/posts\/11828","targetHints":{"allow":["GET"]}}],"collection":[{"href":"https:\/\/red360digital.com\/index.php?rest_route=\/wp\/v2\/posts"}],"about":[{"href":"https:\/\/red360digital.com\/index.php?rest_route=\/wp\/v2\/types\/post"}],"author":[{"embeddable":true,"href":"https:\/\/red360digital.com\/index.php?rest_route=\/wp\/v2\/users\/1"}],"replies":[{"embeddable":true,"href":"https:\/\/red360digital.com\/index.php?rest_route=%2Fwp%2Fv2%2Fcomments&post=11828"}],"version-history":[{"count":0,"href":"https:\/\/red360digital.com\/index.php?rest_route=\/wp\/v2\/posts\/11828\/revisions"}],"wp:featuredmedia":[{"embeddable":true,"href":"https:\/\/red360digital.com\/index.php?rest_route=\/wp\/v2\/media\/11830"}],"wp:attachment":[{"href":"https:\/\/red360digital.com\/index.php?rest_route=%2Fwp%2Fv2%2Fmedia&parent=11828"}],"wp:term":[{"taxonomy":"category","embeddable":true,"href":"https:\/\/red360digital.com\/index.php?rest_route=%2Fwp%2Fv2%2Fcategories&post=11828"},{"taxonomy":"post_tag","embeddable":true,"href":"https:\/\/red360digital.com\/index.php?rest_route=%2Fwp%2Fv2%2Ftags&post=11828"}],"curies":[{"name":"wp","href":"https:\/\/api.w.org\/{rel}","templated":true}]}}