{"id":11855,"date":"2023-01-16T14:36:36","date_gmt":"2023-01-16T19:36:36","guid":{"rendered":"https:\/\/red360digital.com\/?p=11855"},"modified":"2023-01-16T19:37:00","modified_gmt":"2023-01-16T19:37:00","slug":"chicharito-duda-en-volver-a-chivas","status":"publish","type":"post","link":"https:\/\/red360digital.com\/?p=11855","title":{"rendered":"Chicharito duda en volver a Chivas"},"content":{"rendered":"<p>Ha pasado m\u00e1s de una d\u00e9cada desde que Javier Hern\u00e1ndez se fue de Chivas, pero a pesar del tiempo, parte de la afici\u00f3n rojiblanca espera su regreso, algo que por el momento no est\u00e1 en los planes de \u2018Chicharito\u2019.<br \/>\nActualmente, el delantero mexicano ya inici\u00f3 su preparaci\u00f3n con LA Galaxy para el arranque de la campa\u00f1a 2023 de la Major League Soccer. Y aunque su contrato con la entidad angelina finaliza precisamente en diciembre de este a\u00f1o, el goleador se mantiene enfocado con su equipo.<br \/>\n\u201cCon Chivas, ya lo veremos en el futuro. Yo amo y adoro a Chivas. Hay una historia entre Chicharito y Chivas. Amo a Chivas, pero hay muchos factores. Estoy en la organizaci\u00f3n m\u00e1s importante de futbol en los Estados Unidos (Galaxy). As\u00ed como lo son las Chivas en M\u00e9xico. Me les debo a ellos\u201d, mencion\u00f3 para sus seguidores.<br \/>\nHern\u00e1ndez pidi\u00f3 no ser juzgado por la decisi\u00f3n que ha tomado, ya que a\u00fan guarda un inmenso cari\u00f1o por el \u2018Reba\u00f1o Sagrado\u2019, pero no asegura que volver\u00e1 a incorporarse a la escuadra tapat\u00eda.<br \/>\n\u201cNo s\u00e9 si volver\u00e9. Espero que la gente que de verdad ama a Chivas no me juzgue por si estoy o no estoy. Yo le di mi vida a Chivas, all\u00ed crec\u00ed. Fui campe\u00f3n de goleo y luego fui el primer jugador mexicano que se fue directo a un equipo Triple A\u201d, manifest\u00f3.<\/p>\n","protected":false},"excerpt":{"rendered":"<p>Ha pasado m\u00e1s de una d\u00e9cada desde que Javier Hern\u00e1ndez se fue de Chivas, pero a pesar del tiempo, parte de la afici\u00f3n rojiblanca espera su regreso, algo que por el momento no est\u00e1 en los planes de \u2018Chicharito\u2019. Actualmente, el delantero mexicano ya inici\u00f3 su preparaci\u00f3n con LA Galaxy para el arranque de la [&hellip;]<\/p>\n","protected":false},"author":1,"featured_media":11857,"comment_status":"open","ping_status":"closed","sticky":false,"template":"","format":"standard","meta":{"footnotes":""},"categories":[3],"tags":[],"class_list":["post-11855","post","type-post","status-publish","format-standard","has-post-thumbnail","hentry","category-deportes"],"_links":{"self":[{"href":"https:\/\/red360digital.com\/index.php?rest_route=\/wp\/v2\/posts\/11855","targetHints":{"allow":["GET"]}}],"collection":[{"href":"https:\/\/red360digital.com\/index.php?rest_route=\/wp\/v2\/posts"}],"about":[{"href":"https:\/\/red360digital.com\/index.php?rest_route=\/wp\/v2\/types\/post"}],"author":[{"embeddable":true,"href":"https:\/\/red360digital.com\/index.php?rest_route=\/wp\/v2\/users\/1"}],"replies":[{"embeddable":true,"href":"https:\/\/red360digital.com\/index.php?rest_route=%2Fwp%2Fv2%2Fcomments&post=11855"}],"version-history":[{"count":0,"href":"https:\/\/red360digital.com\/index.php?rest_route=\/wp\/v2\/posts\/11855\/revisions"}],"wp:featuredmedia":[{"embeddable":true,"href":"https:\/\/red360digital.com\/index.php?rest_route=\/wp\/v2\/media\/11857"}],"wp:attachment":[{"href":"https:\/\/red360digital.com\/index.php?rest_route=%2Fwp%2Fv2%2Fmedia&parent=11855"}],"wp:term":[{"taxonomy":"category","embeddable":true,"href":"https:\/\/red360digital.com\/index.php?rest_route=%2Fwp%2Fv2%2Fcategories&post=11855"},{"taxonomy":"post_tag","embeddable":true,"href":"https:\/\/red360digital.com\/index.php?rest_route=%2Fwp%2Fv2%2Ftags&post=11855"}],"curies":[{"name":"wp","href":"https:\/\/api.w.org\/{rel}","templated":true}]}}