{"id":12122,"date":"2023-01-22T10:16:08","date_gmt":"2023-01-22T15:16:08","guid":{"rendered":"https:\/\/red360digital.com\/?p=12122"},"modified":"2023-01-22T15:16:18","modified_gmt":"2023-01-22T15:16:18","slug":"como-y-donde-ver-la-temporada-2023-de-la-indycar-en-mexico-canales-de-tv-y-streaming-online","status":"publish","type":"post","link":"https:\/\/red360digital.com\/?p=12122","title":{"rendered":"\u00bfC\u00f3mo y d\u00f3nde ver la temporada 2023 de la IndyCar en M\u00e9xico? Canales de TV y streaming online"},"content":{"rendered":"<p class=\"text-align-justify\">La<strong>\u00a0temporada 2023<\/strong>\u00a0de la\u00a0<strong>IndyCar<\/strong>\u00a0volver\u00e1 a contar con un mexicano como protagonista:\u00a0<strong><em>Pato\u00a0<\/em>O&#8217;Ward<\/strong>\u00a0volver\u00e1 a ir en b\u00fasqueda del campeonato y de la victoria en las 500 Millas de Indian\u00e1polis que tuvo tan cerca en 2022.<\/p>\n<p class=\"text-align-justify\">El mexicano de Monterrey, Nuevo Le\u00f3n, disputar\u00e1 su cuarta temporada consecutiva con el equipo\u00a0<strong>Arrow McLaren\u00a0<\/strong>en el que ya logr\u00f3 cuatro victorias dentro de la categor\u00eda.<\/p>\n<p class=\"text-align-justify\">Nuevamente, por TV y streaming se podr\u00e1n seguir las competencias de la IndyCar desde M\u00e9xico.<\/p>\n<h2 class=\"text-align-justify\">\u00bfC\u00f3mo y d\u00f3nde ver la temporada 2023 de la IndyCar en M\u00e9xico? Opciones de TV y streaming<\/h2>\n<p class=\"text-align-justify\">En la temporada\u00a0<strong>2023\u00a0<\/strong>todas las carreras de la\u00a0<strong>IndyCar\u00a0<\/strong>ser\u00e1n retransmitidas para\u00a0<strong>M\u00e9xico.<\/strong><\/p>\n<p class=\"text-align-justify\">Est\u00e1 confirmado que, al igual que en la temporada pasada, la plataforma de streaming online\u00a0<strong>Star+<\/strong>\u00a0emitir\u00e1 todas las carreras del campeonato. Tambi\u00e9n se podr\u00e1 seguir por esa v\u00eda\u00a0las sesiones de entrenamientos y la clasificaci\u00f3n. En tanto, por TV las carreras se podr\u00e1n seguir por los distintos canales de\u00a0<strong>ESPN<\/strong>.<\/p>\n<p class=\"text-align-justify\">Adem\u00e1s, las pr\u00e1cticas y las clasificaciones tambi\u00e9n pueden ser vistas de forma gratuita de forma online en IndyCar.com, aunque no as\u00ed las carreras.<\/p>\n","protected":false},"excerpt":{"rendered":"<p>La\u00a0temporada 2023\u00a0de la\u00a0IndyCar\u00a0volver\u00e1 a contar con un mexicano como protagonista:\u00a0Pato\u00a0O&#8217;Ward\u00a0volver\u00e1 a ir en b\u00fasqueda del campeonato y de la victoria en las 500 Millas de Indian\u00e1polis que tuvo tan cerca en 2022. El mexicano de Monterrey, Nuevo Le\u00f3n, disputar\u00e1 su cuarta temporada consecutiva con el equipo\u00a0Arrow McLaren\u00a0en el que ya logr\u00f3 cuatro victorias dentro de [&hellip;]<\/p>\n","protected":false},"author":1,"featured_media":12124,"comment_status":"open","ping_status":"closed","sticky":false,"template":"","format":"standard","meta":{"footnotes":""},"categories":[3],"tags":[],"class_list":["post-12122","post","type-post","status-publish","format-standard","has-post-thumbnail","hentry","category-deportes"],"_links":{"self":[{"href":"https:\/\/red360digital.com\/index.php?rest_route=\/wp\/v2\/posts\/12122","targetHints":{"allow":["GET"]}}],"collection":[{"href":"https:\/\/red360digital.com\/index.php?rest_route=\/wp\/v2\/posts"}],"about":[{"href":"https:\/\/red360digital.com\/index.php?rest_route=\/wp\/v2\/types\/post"}],"author":[{"embeddable":true,"href":"https:\/\/red360digital.com\/index.php?rest_route=\/wp\/v2\/users\/1"}],"replies":[{"embeddable":true,"href":"https:\/\/red360digital.com\/index.php?rest_route=%2Fwp%2Fv2%2Fcomments&post=12122"}],"version-history":[{"count":0,"href":"https:\/\/red360digital.com\/index.php?rest_route=\/wp\/v2\/posts\/12122\/revisions"}],"wp:featuredmedia":[{"embeddable":true,"href":"https:\/\/red360digital.com\/index.php?rest_route=\/wp\/v2\/media\/12124"}],"wp:attachment":[{"href":"https:\/\/red360digital.com\/index.php?rest_route=%2Fwp%2Fv2%2Fmedia&parent=12122"}],"wp:term":[{"taxonomy":"category","embeddable":true,"href":"https:\/\/red360digital.com\/index.php?rest_route=%2Fwp%2Fv2%2Fcategories&post=12122"},{"taxonomy":"post_tag","embeddable":true,"href":"https:\/\/red360digital.com\/index.php?rest_route=%2Fwp%2Fv2%2Ftags&post=12122"}],"curies":[{"name":"wp","href":"https:\/\/api.w.org\/{rel}","templated":true}]}}