{"id":1214,"date":"2020-09-03T21:11:39","date_gmt":"2020-09-03T21:11:39","guid":{"rendered":"http:\/\/whatsappcancun.com\/?p=1214"},"modified":"2020-09-03T21:11:39","modified_gmt":"2020-09-03T21:11:39","slug":"burocratas-de-cancun-retoman-labores-presenciales","status":"publish","type":"post","link":"https:\/\/red360digital.com\/?p=1214","title":{"rendered":"Bur\u00f3cratas de Canc\u00fan retoman labores presenciales"},"content":{"rendered":"\n<p>Esta decisi\u00f3n se tom\u00f3 luego que se registrara mucho movimiento en las oficinas municipales.<\/p>\n\n\n\n<p>El gobierno municipal de Benito Ju\u00e1rez comenz\u00f3 el<strong>&nbsp;regreso de sus trabajadores a sus puestos de trabajo de manera paulatina<\/strong>, con aproximadamente 500 bur\u00f3cratas, de una plantilla de m\u00e1s de 6 mil elementos.<\/p>\n\n\n\n<p>Isaac Janix Alan\u00eds, secretario general del Ayuntamiento, inform\u00f3 que esta decisi\u00f3n se tom\u00f3 porque ha habido m\u00e1s movimiento en las oficinas municipales que amerita que<strong>&nbsp;ciertos colaboradores regresen a trabajar de manera presencial.<\/strong><\/p>\n\n\n\n<p>Por ello, indic\u00f3 que se pidi\u00f3 la<strong>&nbsp;reincorporaci\u00f3n de m\u00e1s trabajadores<\/strong>, para poder atender de mejor manera a la poblaci\u00f3n que acude por un tr\u00e1mite o servicio y reforzar al 30 por ciento de la plantilla que se qued\u00f3 a laborar.<\/p>\n\n\n\n<p>El funcionario aclar\u00f3 que qued\u00f3 a discreci\u00f3n de los secretarios y directores de las m\u00e1s de 60 dependencias que conforman el gobierno municipal cu\u00e1ntos bur\u00f3cratas regresaron y&nbsp;<strong>qui\u00e9nes permanecer\u00e1n laborando desde casa.<\/strong><\/p>\n\n\n\n<p>Sin embargo, a\u00f1adi\u00f3 que el criterio que estableci\u00f3 la Oficial\u00eda Mayor era que no se sumar\u00e1n a las labores presenciales aquellos&nbsp;<strong>trabajadores considerados en los grupos de riesgo<\/strong>, como son personas mayores de 60 a\u00f1os, mujeres embarazadas y personas con enfermedades cr\u00f3nicas, como diabetes, hipertensi\u00f3n, etc\u00e9tera.<\/p>\n\n\n\n<blockquote class=\"wp-block-quote is-layout-flow wp-block-quote-is-layout-flow\"><p>\u00abPese a que se llevaron a cabo varias pr\u00f3rrogas para evitar contagios, tenemos que seguir cuidando a nuestra gente y no poner en riesgo a aquellas que, en caso de contagiarse de COVID-19, se agrave su condici\u00f3n\u00bb.<\/p><\/blockquote>\n\n\n\n<p>Se\u00f1al\u00f3 que el resto de los trabajadores que no se incorporaron, podr\u00edan hacerlo cuando el municipio se encuentre en el<strong>&nbsp;color amarillo<\/strong>&nbsp;en el sem\u00e1foro epidemiol\u00f3gico estatal.<\/p>\n\n\n\n<p>Seg\u00fan las autoridades municipales, en el gobierno municipal de Benito Ju\u00e1rez se han dado&nbsp;<strong>m\u00e1s de 50 contagios y alrededor 20 decesos por COVID-19.<\/strong><\/p>\n\n\n\n<p>Por ello, establecieron una serie de medidas, que van desde la colocaci\u00f3n de dispensarios de gel antibacterial,<strong>&nbsp;barreras f\u00edsicas entre funcionarios y ciudadanos<\/strong>, hasta \u00abresponsables Covid\u00bb, que son trabajadores municipales que se encargan de vigilar que se respeten los protocolos sanitarios.<\/p>\n\n\n\n<p>Un d\u00eda antes, el&nbsp;<strong>gobierno estatal y algunos municipios<\/strong>, como el de Oth\u00f3n P. Blanco, tambi\u00e9n reincorporaron&nbsp; a algunos trabajadores a sus labores de manera presencial.<\/p>\n","protected":false},"excerpt":{"rendered":"<p>Esta decisi\u00f3n se tom\u00f3 luego que se registrara mucho movimiento en las oficinas municipales. El gobierno municipal de Benito Ju\u00e1rez comenz\u00f3 el&nbsp;regreso de sus trabajadores a sus puestos de trabajo de manera paulatina, con aproximadamente 500 bur\u00f3cratas, de una plantilla de m\u00e1s de 6 mil elementos. Isaac Janix Alan\u00eds, secretario general del Ayuntamiento, inform\u00f3 que [&hellip;]<\/p>\n","protected":false},"author":1,"featured_media":1215,"comment_status":"open","ping_status":"closed","sticky":false,"template":"","format":"standard","meta":{"footnotes":""},"categories":[12],"tags":[],"class_list":["post-1214","post","type-post","status-publish","format-standard","has-post-thumbnail","hentry","category-sin-categoria"],"_links":{"self":[{"href":"https:\/\/red360digital.com\/index.php?rest_route=\/wp\/v2\/posts\/1214","targetHints":{"allow":["GET"]}}],"collection":[{"href":"https:\/\/red360digital.com\/index.php?rest_route=\/wp\/v2\/posts"}],"about":[{"href":"https:\/\/red360digital.com\/index.php?rest_route=\/wp\/v2\/types\/post"}],"author":[{"embeddable":true,"href":"https:\/\/red360digital.com\/index.php?rest_route=\/wp\/v2\/users\/1"}],"replies":[{"embeddable":true,"href":"https:\/\/red360digital.com\/index.php?rest_route=%2Fwp%2Fv2%2Fcomments&post=1214"}],"version-history":[{"count":0,"href":"https:\/\/red360digital.com\/index.php?rest_route=\/wp\/v2\/posts\/1214\/revisions"}],"wp:featuredmedia":[{"embeddable":true,"href":"https:\/\/red360digital.com\/index.php?rest_route=\/wp\/v2\/media\/1215"}],"wp:attachment":[{"href":"https:\/\/red360digital.com\/index.php?rest_route=%2Fwp%2Fv2%2Fmedia&parent=1214"}],"wp:term":[{"taxonomy":"category","embeddable":true,"href":"https:\/\/red360digital.com\/index.php?rest_route=%2Fwp%2Fv2%2Fcategories&post=1214"},{"taxonomy":"post_tag","embeddable":true,"href":"https:\/\/red360digital.com\/index.php?rest_route=%2Fwp%2Fv2%2Ftags&post=1214"}],"curies":[{"name":"wp","href":"https:\/\/api.w.org\/{rel}","templated":true}]}}