{"id":12311,"date":"2023-01-27T16:00:38","date_gmt":"2023-01-27T21:00:38","guid":{"rendered":"https:\/\/red360digital.com\/?p=12311"},"modified":"2023-01-27T21:00:47","modified_gmt":"2023-01-27T21:00:47","slug":"la-gran-renuncia-en-mexico","status":"publish","type":"post","link":"https:\/\/red360digital.com\/?p=12311","title":{"rendered":"La \u2018gran renuncia\u2019 en M\u00e9xico"},"content":{"rendered":"<div class=\"row\">\n<div class=\"col-sm-xl-12 layout-section wrap-bottom\">\n<h4 class=\"primary-font__PrimaryFontStyles-o56yd5-0 heuGTu h4-primary sub-headline\" style=\"text-align: center;\">La escasez de mano de obra se ha convertido en una constante en m\u00faltiples sectores de la econom\u00eda y en uno de los problemas m\u00e1s serios que tienen las empresas.<\/h4>\n<div class=\"default__StyledDiv-cj38t1-0 gCPfDm share-bar\"><\/div>\n<\/div>\n<\/div>\n<div class=\"row\">\n<aside class=\"col-sm-md-12 col-lg-xl-3 left-article-section ie-flex-100-percent-sm layout-section wrap-bottom\">\n<div class=\"columnist-focus display_flex--sm display_flex--md display_block--lg\">\n<p class=\"default__StyledText-xb1qmn-0 cgXrXK body-paragraph\">La tasa de desempleo en M\u00e9xico en el mes de diciembre fue de\u00a0<b>2.8 por ciento<\/b>\u00a0de la poblaci\u00f3n econ\u00f3micamente activa, con cifras ajustadas por estacionalidad.<\/p>\n<p class=\"default__StyledText-xb1qmn-0 cgXrXK body-paragraph\">Se trata del\u00a0<b>nivel m\u00e1s bajo en m\u00e1s de tres lustros.<\/b><\/p>\n<p class=\"default__StyledText-xb1qmn-0 cgXrXK body-paragraph\">Es una tasa que implica de facto que hay un pleno empleo en nuestro pa\u00eds.<\/p>\n<p class=\"default__StyledText-xb1qmn-0 cgXrXK body-paragraph\">La\u00a0<b>desocupaci\u00f3n abierta se redujo en 427 mil personas\u00a0<\/b>respecto a la cifra de diciembre de 2021.<\/p>\n<div id=\"arcad-feature-5336\" class=\"default__StyledAdUnit-ijbiyl-0 dmQA-dM arcad-feature margin-md-bottom \">\n<div class=\"arcad-container\">\n<div id=\"lazy_2\">\n<p class=\"default__StyledText-xb1qmn-0 cgXrXK body-paragraph\">Y\u00a0<b>la poblaci\u00f3n ocupada creci\u00f3 en poco m\u00e1s de 1 mill\u00f3n de personas\u00a0<\/b>en el \u00faltimo a\u00f1o.<\/p>\n<p class=\"default__StyledText-xb1qmn-0 cgXrXK body-paragraph\">La discrepancia de ambas cifras deriva del hecho de que la poblaci\u00f3n se califica como desempleada solo si declara estar buscando activamente un trabajo sin obtenerlo.<\/p>\n<p class=\"default__StyledText-xb1qmn-0 cgXrXK body-paragraph\">Claro que no toda la gente que hoy est\u00e1 trabajando lo hace en condiciones formales ni como asalariado de alguna empresa u organismo.<\/p>\n<p class=\"default__StyledText-xb1qmn-0 cgXrXK body-paragraph\">Las mismas cifras del INEGI reflejan que el\u00a0<b>55 por ciento\u00a0<\/b>de la poblaci\u00f3n trabaja en<b>\u00a0la informalidad<\/b>.<\/p>\n<p class=\"default__StyledText-xb1qmn-0 cgXrXK body-paragraph\">Es decir, solo el 45 por ciento tiene un trabajo formal.<\/p>\n<p class=\"default__StyledText-xb1qmn-0 cgXrXK body-paragraph\">Sin embargo, es un hecho que, en las condiciones actuales del pa\u00eds, la inmensa mayor\u00eda de la poblaci\u00f3n tiene un trabajo.<\/p>\n<p class=\"default__StyledText-xb1qmn-0 cgXrXK body-paragraph\">Y, este hecho ha motivado que\u00a0<b>la cantidad de vacantes que haya en el pa\u00eds sea tambi\u00e9n gigantesca<\/b>, al menos de varios cientos de miles y quiz\u00e1s de algunos millones.<\/p>\n<p class=\"default__StyledText-xb1qmn-0 cgXrXK body-paragraph\">Las causas de este cuadro son diversas.<\/p>\n<p class=\"default__StyledText-xb1qmn-0 cgXrXK body-paragraph\">La pandemia y el confinamiento cambiaron radicalmente el mercado laboral.<\/p>\n<p class=\"default__StyledText-xb1qmn-0 cgXrXK body-paragraph\">Mucha gente<b>\u00a0abandon\u00f3 su empleo previo<\/b>\u00a0y opt\u00f3 por alguna otra ocupaci\u00f3n, a veces completamente diferente.<\/p>\n<p class=\"default__StyledText-xb1qmn-0 cgXrXK body-paragraph\">Otras personas abandonaron las ciudades a las que hab\u00edan migrado y regresaron a sus lugares de origen.<\/p>\n<p class=\"default__StyledText-xb1qmn-0 cgXrXK body-paragraph\">Algunos m\u00e1s dejaron de laborar y\u00a0<b>se apoyaron en los programas sociales del gobierno<\/b>, que les aseguraban un piso de ingresos.<\/p>\n<p class=\"default__StyledText-xb1qmn-0 cgXrXK body-paragraph\">No sabemos cu\u00e1ntas personas hay en cada condici\u00f3n, pero es un hecho que todos estos factores y algunos otros\u00a0<b>cambiaron el mercado laboral profundamente.<\/b><\/p>\n<p class=\"default__StyledText-xb1qmn-0 cgXrXK body-paragraph\">Hoy, las vacantes que existen en las empresas y organizaciones derivan de la conjunci\u00f3n de diversos procesos.<\/p>\n<p class=\"default__StyledText-xb1qmn-0 cgXrXK body-paragraph\">Hay un segmento de la poblaci\u00f3n joven que tiene\u00a0<b>intereses y valores diferentes a los de los adultos\u00a0<\/b>que est\u00e1n al frente de las empresas. Ya no quieren un trabajo con horario regular y con actividades fijas. Prefieren horarios flexibles y preferentemente con posibilidades de hacer trabajo remoto.<\/p>\n<p class=\"default__StyledText-xb1qmn-0 cgXrXK body-paragraph\">Estos j\u00f3venes tienen menores compromisos econ\u00f3micos, lo que los conduce a cambiar de trabajo con m\u00e1s frecuencia que en el pasado, produciendo vacantes.<\/p>\n<p class=\"default__StyledText-xb1qmn-0 cgXrXK body-paragraph\">Otro segmento tiene que ver con personas que probaron nuevas actividades durante la pandemia y<b>\u00a0tienen reticencia para regresar a sus anteriores actividades<\/b>, o lo hacen solo de tiempo parcial o en ciertos intervalos, seg\u00fan las necesidades econ\u00f3micas que tienen.<\/p>\n<p class=\"default__StyledText-xb1qmn-0 cgXrXK body-paragraph\">Otro grupo de empresas se enfrenta con el hecho de que el tipo de trabajadores que requiere\u00a0<b>exige niveles de calificaci\u00f3n<\/b>\u00a0de los que carecen muchos candidatos y aunque hay prospectos para cada vacante, no hay quien re\u00fana los requisitos.<\/p>\n<p class=\"default__StyledText-xb1qmn-0 cgXrXK body-paragraph\">La\u00a0<b>escasez de mano de obra<\/b>\u00a0se ha convertido en una constante en m\u00faltiples sectores de la econom\u00eda y en uno de los problemas m\u00e1s serios que tienen las empresas.<\/p>\n<p class=\"default__StyledText-xb1qmn-0 cgXrXK body-paragraph\">Este hecho no es un fen\u00f3meno que ocurra exclusivamente en M\u00e9xico, sino que pasa en otros lugares.<\/p>\n<p class=\"default__StyledText-xb1qmn-0 cgXrXK body-paragraph\">A esta circunstancia se le denomina \u2018la gran renuncia\u2019 y tambi\u00e9n existe en M\u00e9xico.<\/p>\n<p class=\"default__StyledText-xb1qmn-0 cgXrXK body-paragraph\">La movilidad laboral ha crecido fuertemente y en algunos segmentos hay tambi\u00e9n m\u00e1s inter\u00e9s por\u00a0<b>el emprendedurismo.<\/b><\/p>\n<p class=\"default__StyledText-xb1qmn-0 cgXrXK body-paragraph\">Diversas personas ya no quieren ser empleados sino buscan proyectos en los que ellos sean sus propios jefes.<\/p>\n<p class=\"default__StyledText-xb1qmn-0 cgXrXK body-paragraph\">Cuando se habla del \u2018nearshoring\u2019 y de la atracci\u00f3n de la inversi\u00f3n for\u00e1nea, a veces se pone \u00e9nfasis en obst\u00e1culos como la falta de infraestructura o los problemas con el abasto de energ\u00eda.<\/p>\n<p class=\"default__StyledText-xb1qmn-0 cgXrXK body-paragraph\">Pero, no puede ignorarse el tema de la escasez de mano de obra, como uno de los factores que pueden conducir a que haya diversas inversiones que finalmente no aterricen en el pa\u00eds ante esta limitante.<\/p>\n<\/div>\n<\/div>\n<\/div>\n<\/div>\n<\/aside>\n<\/div>\n","protected":false},"excerpt":{"rendered":"<p>La escasez de mano de obra se ha convertido en una constante en m\u00faltiples sectores de la econom\u00eda y en uno de los problemas m\u00e1s serios que tienen las empresas. La tasa de desempleo en M\u00e9xico en el mes de diciembre fue de\u00a02.8 por ciento\u00a0de la poblaci\u00f3n econ\u00f3micamente activa, con cifras ajustadas por estacionalidad. Se [&hellip;]<\/p>\n","protected":false},"author":1,"featured_media":12313,"comment_status":"open","ping_status":"closed","sticky":false,"template":"","format":"standard","meta":{"footnotes":""},"categories":[7],"tags":[],"class_list":["post-12311","post","type-post","status-publish","format-standard","has-post-thumbnail","hentry","category-nacional"],"_links":{"self":[{"href":"https:\/\/red360digital.com\/index.php?rest_route=\/wp\/v2\/posts\/12311","targetHints":{"allow":["GET"]}}],"collection":[{"href":"https:\/\/red360digital.com\/index.php?rest_route=\/wp\/v2\/posts"}],"about":[{"href":"https:\/\/red360digital.com\/index.php?rest_route=\/wp\/v2\/types\/post"}],"author":[{"embeddable":true,"href":"https:\/\/red360digital.com\/index.php?rest_route=\/wp\/v2\/users\/1"}],"replies":[{"embeddable":true,"href":"https:\/\/red360digital.com\/index.php?rest_route=%2Fwp%2Fv2%2Fcomments&post=12311"}],"version-history":[{"count":0,"href":"https:\/\/red360digital.com\/index.php?rest_route=\/wp\/v2\/posts\/12311\/revisions"}],"wp:featuredmedia":[{"embeddable":true,"href":"https:\/\/red360digital.com\/index.php?rest_route=\/wp\/v2\/media\/12313"}],"wp:attachment":[{"href":"https:\/\/red360digital.com\/index.php?rest_route=%2Fwp%2Fv2%2Fmedia&parent=12311"}],"wp:term":[{"taxonomy":"category","embeddable":true,"href":"https:\/\/red360digital.com\/index.php?rest_route=%2Fwp%2Fv2%2Fcategories&post=12311"},{"taxonomy":"post_tag","embeddable":true,"href":"https:\/\/red360digital.com\/index.php?rest_route=%2Fwp%2Fv2%2Ftags&post=12311"}],"curies":[{"name":"wp","href":"https:\/\/api.w.org\/{rel}","templated":true}]}}