{"id":12455,"date":"2023-01-31T09:45:41","date_gmt":"2023-01-31T14:45:41","guid":{"rendered":"https:\/\/red360digital.com\/?p=12455"},"modified":"2023-01-31T14:46:05","modified_gmt":"2023-01-31T14:46:05","slug":"mas-de-120-heridos-y-al-menos-25-muertos-deja-explosion-en-mezquita-en-pakistan","status":"publish","type":"post","link":"https:\/\/red360digital.com\/?p=12455","title":{"rendered":"M\u00e1s de 120 heridos y al menos 25 muertos deja explosi\u00f3n en mezquita en Pakist\u00e1n"},"content":{"rendered":"<p>Al menos 25 personas murieron y 120 resultaron heridas por una explosi\u00f3n este lunes en una mezquita en el cuartel general de la polic\u00eda en la ciudad paquistan\u00ed de Peshawar, indic\u00f3 un responsable gubernamental local.<\/p>\n<p>\u201cEstoy aqu\u00ed en el lugar de los hechos y se est\u00e1n efectuando las tareas de rescate\u201d, dijo el vicecomisionado de la ciudad de Peshawar, Shafiullah Khan. \u201cM\u00e1s cuerpos est\u00e1n siendo retirados. En este momento nuestra prioridad es salvar a la gente enterrada bajo los escombros\u201d, agreg\u00f3.<\/p>\n<p>Una explosi\u00f3n al interior de una mezquita ubicada dentro del cuartel general de la polic\u00eda de Peshawar, el noroeste de Pakist\u00e1n, dej\u00f3 este lunes al menos 25 muertos y m\u00e1s de 120 heridos, inform\u00f3 una fuente del hospital.<\/p>\n<p>De manera preliminar, el vocero de un hospital en Peshawar, Muhamad Asim Khan hab\u00eda dicho que \u201cHasta ahora hemos recibido 17 cuerpos y m\u00e1s de 80 heridos\u201d.<\/p>\n<p>Un periodista en el lugar vio a los socorristas llevarse a dos cad\u00e1veres en una ambulancia. Parte del techo de la mezquita y de las murallas quedaron destruidas y de los escombros sal\u00edan supervivientes ensangrentados.<\/p>\n","protected":false},"excerpt":{"rendered":"<p>Al menos 25 personas murieron y 120 resultaron heridas por una explosi\u00f3n este lunes en una mezquita en el cuartel general de la polic\u00eda en la ciudad paquistan\u00ed de Peshawar, indic\u00f3 un responsable gubernamental local. \u201cEstoy aqu\u00ed en el lugar de los hechos y se est\u00e1n efectuando las tareas de rescate\u201d, dijo el vicecomisionado de [&hellip;]<\/p>\n","protected":false},"author":1,"featured_media":12457,"comment_status":"open","ping_status":"closed","sticky":false,"template":"","format":"standard","meta":{"footnotes":""},"categories":[5],"tags":[],"class_list":["post-12455","post","type-post","status-publish","format-standard","has-post-thumbnail","hentry","category-internacional"],"_links":{"self":[{"href":"https:\/\/red360digital.com\/index.php?rest_route=\/wp\/v2\/posts\/12455","targetHints":{"allow":["GET"]}}],"collection":[{"href":"https:\/\/red360digital.com\/index.php?rest_route=\/wp\/v2\/posts"}],"about":[{"href":"https:\/\/red360digital.com\/index.php?rest_route=\/wp\/v2\/types\/post"}],"author":[{"embeddable":true,"href":"https:\/\/red360digital.com\/index.php?rest_route=\/wp\/v2\/users\/1"}],"replies":[{"embeddable":true,"href":"https:\/\/red360digital.com\/index.php?rest_route=%2Fwp%2Fv2%2Fcomments&post=12455"}],"version-history":[{"count":0,"href":"https:\/\/red360digital.com\/index.php?rest_route=\/wp\/v2\/posts\/12455\/revisions"}],"wp:featuredmedia":[{"embeddable":true,"href":"https:\/\/red360digital.com\/index.php?rest_route=\/wp\/v2\/media\/12457"}],"wp:attachment":[{"href":"https:\/\/red360digital.com\/index.php?rest_route=%2Fwp%2Fv2%2Fmedia&parent=12455"}],"wp:term":[{"taxonomy":"category","embeddable":true,"href":"https:\/\/red360digital.com\/index.php?rest_route=%2Fwp%2Fv2%2Fcategories&post=12455"},{"taxonomy":"post_tag","embeddable":true,"href":"https:\/\/red360digital.com\/index.php?rest_route=%2Fwp%2Fv2%2Ftags&post=12455"}],"curies":[{"name":"wp","href":"https:\/\/api.w.org\/{rel}","templated":true}]}}