{"id":12483,"date":"2023-01-31T15:52:58","date_gmt":"2023-01-31T20:52:58","guid":{"rendered":"https:\/\/red360digital.com\/?p=12483"},"modified":"2023-01-31T20:53:07","modified_gmt":"2023-01-31T20:53:07","slug":"mexicolectivo-la-plataforma-que-busca-situarse-entre-morena-y-va-por-mexico","status":"publish","type":"post","link":"https:\/\/red360digital.com\/?p=12483","title":{"rendered":"Mexicolectivo, la plataforma que busca situarse entre Morena y Va por M\u00e9xico"},"content":{"rendered":"<p class=\"Slug_extract__4SnHS\">El lanzamiento de esta plataforma se basa en un documento de 52 p\u00e1ginas titulado Un punto de partida, en el que el grupo promotor asegura que busca \u201calgo nuevo y diferente, un espacio y un tiempo ciudadanos con una visi\u00f3n de futuro arrojada, generosa y justa\u201d.<\/p>\n<div class=\"Slug_blockInfo__SJCab\">\n<div class=\"Slug_blockInfoAuthor__nmsGU\">\n<div class=\"Slug_dateTime__Ad_JY\">\n<div>\n<div>\n<p>Viejos cuadros pol\u00edticos emanados del PRI, el PAN, el PRD y MC dieron a conocer este lunes, junto con activistas de la sociedad civil,\u00a0una nueva organizaci\u00f3n que intentar\u00e1 construir una alternativa pol\u00edtica de cara a 2024:\u00a0<strong>Mexicolectivo<\/strong>, que se define a s\u00ed misma como \u201cuna plataforma de participaci\u00f3n ciudadana plural y diversa que busca recoger e intercambiar ideas y propuestas desde la sociedad civil para la construcci\u00f3n de un mejor pa\u00eds\u201d.<\/p>\n<\/div>\n<\/div>\n<div>\n<div>\n<p>El lanzamiento de esta plataforma se basa en un documento de 52 p\u00e1ginas titulado\u00a0<i>Un punto de partida<\/i>, en el que el grupo promotor asegura que busca \u201calgo nuevo y diferente, un espacio y un tiempo ciudadanos con una visi\u00f3n de futuro arrojada, generosa y justa\u201d.<\/p>\n<\/div>\n<\/div>\n<div>\n<div>\n<p>Dicho documento se nutrir\u00e1 a trav\u00e9s de encuentros estatales y una plataforma digital en la que la ciudadan\u00eda puede registrarse para aportar ideas, con el objetivo de llegar a un documento definitivo en junio de 2023, que ser\u00e1 lanzado en un encuentro nacional.<\/p>\n<\/div>\n<div id=\"div-gpt-ad-1666140050284-0\">\n<div id=\"google_ads_iframe_\/22075143846\/nap-notas-out-of-page-bet_0__container__\"><\/div>\n<\/div>\n<div class=\"ad-container\">\n<div id=\"nap-notas-body-p3\" class=\"blockSlot\">\n<div id=\"google_ads_iframe_\/22075143846\/nap-notas-body-p3_0__container__\"><\/div>\n<\/div>\n<\/div>\n<\/div>\n<div>\n<div>\n<blockquote class=\"twitter-tweet\" data-twitter-extracted-i1675198234667539326=\"true\">\n<p dir=\"ltr\" lang=\"es\">Tenemos claro que M\u00e9xico solo podr\u00e1 cambiar y crecer con la participaci\u00f3n de toda la ciudadan\u00eda.\u00a0pic.twitter.com\/hX2YaIeXeg<\/p>\n<p>\u2014 mexicolectivo (@mexicolectivo)\u00a0January 30, 2023<\/p><\/blockquote>\n<\/div>\n<\/div>\n<div>\n<div>\n<p>&nbsp;<\/p>\n<\/div>\n<\/div>\n<div>\n<div>\n<p>Entre los promoventes destacan pol\u00edticos que ocuparon altas responsabilidades en gobiernos anteriores: Francisco Labastida Ochoa, ex secretario de Gobernaci\u00f3n en el sexenio de Ernesto Zedillo y candidato presidencial del PRI en el 2000; Cuauht\u00e9moc C\u00e1rdenas, tres veces candidato presidencial del PRD y ex jefe de Gobierno de la Ciudad de M\u00e9xico; Jos\u00e9 Narro, ex rector de la UNAM y ex secretario de Salud en el sexenio de Enrique Pe\u00f1a Nieto; Josefina V\u00e1zquez Mota, ex secretaria de Desarrollo Social en el sexenio de Vicente Fox, ex secretaria de Educaci\u00f3n con Felipe Calder\u00f3n y ex candidata presidencial del PAN en 2012; Diego Valad\u00e9s; ex procurador general de la Rep\u00fablica en el \u00faltimo a\u00f1o del sexenio de Carlos Salinas; Salom\u00f3n Chertorivsky, ex secretario de Salud en el sexenio de Calder\u00f3n y hoy diputado federal de Movimiento Ciudadano, y Dante Delgado, ex gobernador priista de Veracruz y l\u00edder del partido Convergencia, hoy Movimiento Ciudadano.<\/p>\n<\/div>\n<div id=\"sas_52013\"><\/div>\n<div class=\"ad-container\">\n<div id=\"nap-notas-body-p6\" class=\"blockSlot\">\n<div id=\"google_ads_iframe_\/22075143846\/nap-notas-body-p6_0__container__\"><\/div>\n<\/div>\n<\/div>\n<\/div>\n<div>\n<div>\n<p>Aunque tambi\u00e9n figuran mujeres vinculadas con la sociedad civil, como Lourdes Morales, coordinadora de la Red por la Rendici\u00f3n de Cuentas; la acad\u00e9mica y activista Clara Jusidman y Patricia Mercado, ex candidata presidencial y hoy senadora de MC.<\/p>\n<div>\n<p>Es precisamente el dirigente de MC, Dante Delgado, el principal convocante a esta nueva plataforma opositora a la llamada \u201cCuarta Transformaci\u00f3n\u201d, pero que tambi\u00e9n se sit\u00faa lejos de la alianza legislativa y electoral conformada por PAN, PRI y PRD, y de iniciativas que alientan una mega alianza anti L\u00f3pez Obrador, como Unidos, encabezada por el empresario Claudio X. Gonz\u00e1lez.<\/p>\n<\/div>\n<div class=\"ad-container\">\n<div id=\"nap-notas-body-p9\" class=\"blockSlot\" data-google-query-id=\"CLeD0OLX8vwCFYkHiwodSAcPxw\">\n<div>\n<div>\n<p>Entre Morena y Va por M\u00e9xico, Dante Delgado defini\u00f3 en un tuit a Mexicolectivo como \u201cun espacio cuyo prop\u00f3sito es hacer a un lado la polarizaci\u00f3n para generar ideas y propuestas que construyan un mejor futuro para el pa\u00eds\u201d.<\/p>\n<\/div>\n<\/div>\n<div>\n<div>\n<p>Este nuevo colectivo asegura ser \u201cun espacio de deliberaci\u00f3n ciudadana que busca detonar el pensamiento colectivo\u201d, y ha puesto sobre la mesa un documento de siete cap\u00edtulos: 1. M\u00e9xico en Paz y con Desarrollo; 2. Paz, Concordia y Democracia; 3. Igualdad y Calidad de Vida; 4. Pobreza y Desigualdad; 5. Prosperidad; 6. Marginaci\u00f3n y Discriminaci\u00f3n y 7. Globalizaci\u00f3n y Medio Ambiente.<\/p>\n<\/div>\n<\/div>\n<div>\n<div>\n<p>En el lanzamiento de la plataforma, el exrector Jos\u00e9 Narro se\u00f1al\u00f3 que esta iniciativa quiere contribuir a terminar con la polarizaci\u00f3n que existe en M\u00e9xico y recuperar la \u201cdecencia\u201d, los valores laicos y la dignidad humana.<\/p>\n<div>\n<div>\n<p>Asegur\u00f3 que el grupo busca un pa\u00eds m\u00e1s justo, con derechos exigibles, seguridad, mejores oportunidades, instituciones fortalecidas, empleo y educaci\u00f3n de calidad, que permita vivir con dignidad, en democracia y libertad.<\/p>\n<\/div>\n<\/div>\n<div>\n<div>\n<p>Por su parte, el jurista Diego Valad\u00e9s afirm\u00f3 que en el pa\u00eds hay un deterioro institucional y social, una \u00e9tica p\u00fablica en crisis, ingobernabilidad, manipulaci\u00f3n de la verdad y uso pol\u00edtico de la pobreza.<\/p>\n<\/div>\n<\/div>\n<div>\n<div>\n<p>\u201cCambiemos el rumbo, hag\u00e1moslo bajo instituciones que restauren el Estado de derecho, la igualdad, la confianza, la convivencia en paz, con bienestar y la lealtad democr\u00e1tica de los gobernantes\u201d, urgi\u00f3.<\/p>\n<\/div>\n<\/div>\n<div>\n<div>\n<p>En la presentaci\u00f3n tambi\u00e9n estuvieron presentes Luis Far\u00edas McKey, quien figura como secretario t\u00e9cnico de\u00a0<strong>Mexicolecivo<\/strong>; Paola Zavala Saeb, fundadora de OCUPA Organizaci\u00f3n Comunitaria por la Paz; Fernanda Rocha, directora de Blackbot, y Andr\u00e9s Casta\u00f1eda, coordinador de las causas salud y Bienestar en Nosotrxs, entre otras personas.<\/p>\n<\/div>\n<\/div>\n<\/div>\n<\/div>\n<\/div>\n<\/div>\n<\/div>\n<\/div>\n<\/div>\n<\/div>\n<\/div>\n","protected":false},"excerpt":{"rendered":"<p>El lanzamiento de esta plataforma se basa en un documento de 52 p\u00e1ginas titulado Un punto de partida, en el que el grupo promotor asegura que busca \u201calgo nuevo y diferente, un espacio y un tiempo ciudadanos con una visi\u00f3n de futuro arrojada, generosa y justa\u201d. Viejos cuadros pol\u00edticos emanados del PRI, el PAN, el [&hellip;]<\/p>\n","protected":false},"author":1,"featured_media":12485,"comment_status":"open","ping_status":"closed","sticky":false,"template":"","format":"standard","meta":{"footnotes":""},"categories":[9],"tags":[],"class_list":["post-12483","post","type-post","status-publish","format-standard","has-post-thumbnail","hentry","category-politica"],"_links":{"self":[{"href":"https:\/\/red360digital.com\/index.php?rest_route=\/wp\/v2\/posts\/12483","targetHints":{"allow":["GET"]}}],"collection":[{"href":"https:\/\/red360digital.com\/index.php?rest_route=\/wp\/v2\/posts"}],"about":[{"href":"https:\/\/red360digital.com\/index.php?rest_route=\/wp\/v2\/types\/post"}],"author":[{"embeddable":true,"href":"https:\/\/red360digital.com\/index.php?rest_route=\/wp\/v2\/users\/1"}],"replies":[{"embeddable":true,"href":"https:\/\/red360digital.com\/index.php?rest_route=%2Fwp%2Fv2%2Fcomments&post=12483"}],"version-history":[{"count":0,"href":"https:\/\/red360digital.com\/index.php?rest_route=\/wp\/v2\/posts\/12483\/revisions"}],"wp:featuredmedia":[{"embeddable":true,"href":"https:\/\/red360digital.com\/index.php?rest_route=\/wp\/v2\/media\/12485"}],"wp:attachment":[{"href":"https:\/\/red360digital.com\/index.php?rest_route=%2Fwp%2Fv2%2Fmedia&parent=12483"}],"wp:term":[{"taxonomy":"category","embeddable":true,"href":"https:\/\/red360digital.com\/index.php?rest_route=%2Fwp%2Fv2%2Fcategories&post=12483"},{"taxonomy":"post_tag","embeddable":true,"href":"https:\/\/red360digital.com\/index.php?rest_route=%2Fwp%2Fv2%2Ftags&post=12483"}],"curies":[{"name":"wp","href":"https:\/\/api.w.org\/{rel}","templated":true}]}}