{"id":12546,"date":"2023-02-01T18:10:12","date_gmt":"2023-02-01T23:10:12","guid":{"rendered":"https:\/\/red360digital.com\/?p=12546"},"modified":"2023-02-01T23:10:21","modified_gmt":"2023-02-01T23:10:21","slug":"presidente-de-mexico-destaca-al-politico-cuauhtemoc-cardenas","status":"publish","type":"post","link":"https:\/\/red360digital.com\/?p=12546","title":{"rendered":"Presidente de M\u00e9xico destaca al pol\u00edtico Cuauht\u00e9moc C\u00e1rdenas"},"content":{"rendered":"<p>El presidente de M\u00e9xico, Andr\u00e9s Manuel L\u00f3pez Obrador, destac\u00f3 hoy al pol\u00edtico Cuauht\u00e9moc C\u00e1rdenas como precursor del movimiento democr\u00e1tico y dijo le dio mucho gusto se deslindara de un grupo conservador.<\/p>\n<p>En la conferencia del Palacio Nacional, el mandatario critic\u00f3 una supuesta participaci\u00f3n de C\u00e1rdenas en un grupo de conservadores moderados quienes crearon un proyecto pol\u00edtico contra el gobierno nombrado Punto de Partida-M\u00e9xico Colectivo en el que lo publicitaron como firmante y convocante.<\/p>\n<p>Ello dio pie a que L\u00f3pez Obrador dijera que si se aliaba a quienes defienden la oligarqu\u00eda, s\u00ed lo considerar\u00eda su adversario pol\u00edtico.<\/p>\n<p>Pero poco despu\u00e9s los medios nacionales publicaron una carta enviada a M\u00e9xico Colectivo en la que negaba fuera convocante y se deslindaba de los conservadores, pero no se hab\u00eda divulgado y, seg\u00fan L\u00f3pez Obrador, siguieron utilizando su nombre, por eso respondi\u00f3 as\u00ed cuando le preguntaron.<\/p>\n<p>Ahora me da mucho gusto la carta del ingeniero aclarando su posici\u00f3n a esos conservadores que carecen de autoridad moral pues todos los firmantes fueron partes de la corrupci\u00f3n, c\u00f3mplices o toleraron el saqueo m\u00e1s grande que se haya conocido en la historia de M\u00e9xico.<\/p>\n<p>Repiti\u00f3 que estima mucho a C\u00e1rdenas y respeta porque es precursor del movimiento democr\u00e1tico y nosotros llegamos para ejecutar la IV Transformaci\u00f3n con el apoyo de millones de mexicanos.<\/p>\n<p>En su carta, ahora ampliamente divulgada, C\u00e1rdenas se\u00f1ala que, \u201cen el caso particular de Punto de Partida, cuyo desenvolvimiento como documento he venido conociendo a lo largo del tiempo, en ning\u00fan momento he sido convocante de nadie para que participe en su formulaci\u00f3n y en el ulterior desarrollo\u201d.<\/p>\n<p>\u201cEn su momento, inform\u00e9 a quienes me invitaron a conocer de este proyecto y a dar seguimiento a su proceso de elaboraci\u00f3n, que a partir de consideraciones de car\u00e1cter pol\u00edtico, no seguir\u00eda participando m\u00e1s\u00bb.<\/p>\n<p>\u00abEstas son las razones de mi ausencia en el acto celebrado ayer para hacer p\u00fablico el proyecto Punto de partida-M\u00e9xico Colectivo\u00bb.<\/p>\n","protected":false},"excerpt":{"rendered":"<p>El presidente de M\u00e9xico, Andr\u00e9s Manuel L\u00f3pez Obrador, destac\u00f3 hoy al pol\u00edtico Cuauht\u00e9moc C\u00e1rdenas como precursor del movimiento democr\u00e1tico y dijo le dio mucho gusto se deslindara de un grupo conservador. En la conferencia del Palacio Nacional, el mandatario critic\u00f3 una supuesta participaci\u00f3n de C\u00e1rdenas en un grupo de conservadores moderados quienes crearon un proyecto [&hellip;]<\/p>\n","protected":false},"author":1,"featured_media":12548,"comment_status":"open","ping_status":"closed","sticky":false,"template":"","format":"standard","meta":{"footnotes":""},"categories":[9],"tags":[],"class_list":["post-12546","post","type-post","status-publish","format-standard","has-post-thumbnail","hentry","category-politica"],"_links":{"self":[{"href":"https:\/\/red360digital.com\/index.php?rest_route=\/wp\/v2\/posts\/12546","targetHints":{"allow":["GET"]}}],"collection":[{"href":"https:\/\/red360digital.com\/index.php?rest_route=\/wp\/v2\/posts"}],"about":[{"href":"https:\/\/red360digital.com\/index.php?rest_route=\/wp\/v2\/types\/post"}],"author":[{"embeddable":true,"href":"https:\/\/red360digital.com\/index.php?rest_route=\/wp\/v2\/users\/1"}],"replies":[{"embeddable":true,"href":"https:\/\/red360digital.com\/index.php?rest_route=%2Fwp%2Fv2%2Fcomments&post=12546"}],"version-history":[{"count":0,"href":"https:\/\/red360digital.com\/index.php?rest_route=\/wp\/v2\/posts\/12546\/revisions"}],"wp:featuredmedia":[{"embeddable":true,"href":"https:\/\/red360digital.com\/index.php?rest_route=\/wp\/v2\/media\/12548"}],"wp:attachment":[{"href":"https:\/\/red360digital.com\/index.php?rest_route=%2Fwp%2Fv2%2Fmedia&parent=12546"}],"wp:term":[{"taxonomy":"category","embeddable":true,"href":"https:\/\/red360digital.com\/index.php?rest_route=%2Fwp%2Fv2%2Fcategories&post=12546"},{"taxonomy":"post_tag","embeddable":true,"href":"https:\/\/red360digital.com\/index.php?rest_route=%2Fwp%2Fv2%2Ftags&post=12546"}],"curies":[{"name":"wp","href":"https:\/\/api.w.org\/{rel}","templated":true}]}}