{"id":13722,"date":"2023-03-03T15:38:54","date_gmt":"2023-03-03T20:38:54","guid":{"rendered":"https:\/\/red360digital.com\/?p=13722"},"modified":"2023-03-03T20:39:03","modified_gmt":"2023-03-03T20:39:03","slug":"2023-pinta-mal-para-las-tasas-de-interes-en-mexico-preven-bajon-hasta-2024","status":"publish","type":"post","link":"https:\/\/red360digital.com\/?p=13722","title":{"rendered":"2023 \u2018pinta mal\u2019 para las tasas de inter\u00e9s en M\u00e9xico; Prev\u00e9n \u2018baj\u00f3n\u2019 hasta 2024"},"content":{"rendered":"<div class=\"row\">\n<div class=\"col-sm-xl-12 layout-section wrap-bottom\">\n<h4 class=\"primary-font__PrimaryFontStyles-o56yd5-0 heuGTu h4-primary sub-headline\" style=\"text-align: center;\">Los analistas prev\u00e9n dos alzas m\u00e1s a la tasa de fondeo de 25 pb en cada una.<\/h4>\n<div class=\"default__StyledDiv-cj38t1-0 gCPfDm share-bar\"><\/div>\n<\/div>\n<\/div>\n<div class=\"row\">\n<div class=\"col-sm-md-12 col-lg-xl-8 left-article-section ie-flex-100-percent-sm layout-section\">\n<p class=\"default__StyledText-xb1qmn-0 cgXrXK body-paragraph\">El consenso de analistas consultados por el\u00a0<b>Banco de M\u00e9xico (Banxico)<\/b>\u00a0prev\u00e9 que la\u00a0<b>tasa de inter\u00e9s de referencia<\/b>\u00a0registrar\u00e1 dos incrementos m\u00e1s de 25 puntos base, para ubicarse en 11.5 por ciento al cierre del segundo trimestre y permanecer\u00e1 en ese nivel el resto del a\u00f1o.<\/p>\n<p class=\"default__StyledText-xb1qmn-0 cgXrXK body-paragraph\">Las proyecciones apuntan a que la<b>\u00a0<\/b><b>tasa<\/b>\u00a0finalizar\u00e1 2023 en el mismo nivel, lo que implica un ajuste al alza de 100 puntos base, con respecto al pron\u00f3stico anterior, que apuntaba a una tasa de 10.5 por ciento.<\/p>\n<div id=\"arcad-feature-2864\" class=\"default__StyledAdUnit-ijbiyl-0 dmQA-dM arcad-feature margin-md-bottom \">\n<div class=\"arcad-container\">\n<div id=\"lazy_3\">\n<div id=\"inread_oop\" class=\"arcad ad-1x1\" data-google-query-id=\"CMutg-3NwP0CFcPYhwod_AUNdA\">\n<div id=\"google_ads_iframe_\/77835600\/ElFinanciero__internas\/inread_oop_0__container__\"><\/div>\n<\/div>\n<\/div>\n<\/div>\n<\/div>\n<p class=\"default__StyledText-xb1qmn-0 cgXrXK body-paragraph\">De acuerdo con la<b>\u00a0\u2018Encuesta sobre las Expectativas de los Especialistas en Econom\u00eda del Sector Privado\u2019<\/b>, ser\u00e1 hasta 2024 cuando inicie el\u00a0<b>ciclo de recortes en la tasa<\/b>, por lo que se espera que baje a 10.5 por ciento en el primer trimestre y que cierre el a\u00f1o en 8.63 por ciento.<\/p>\n<p class=\"default__StyledText-xb1qmn-0 cgXrXK body-paragraph\">Luis Adri\u00e1n Mu\u00f1iz, subdirector de an\u00e1lisis econ\u00f3mico de Vector, apunt\u00f3 que despu\u00e9s de la \u00faltima\u00a0<b>decisi\u00f3n sorpresiva de Banxico\u00a0<\/b>cambiaron su escenario base para la tasa m\u00e1xima del ciclo restrictivo y ahora es de 11.5 por ciento.<\/p>\n<p class=\"default__StyledText-xb1qmn-0 cgXrXK body-paragraph\">Estim\u00f3 que las<b>\u00a0<\/b><b>alzas en la tasa<\/b>\u00a0se dar\u00e1n en la primera mitad del a\u00f1o y se mantendr\u00e1n altas por un periodo prolongado. \u201cNo podemos descartar que la\u00a0<b>tasa<\/b>\u00a0pueda llegar a nivel de 11.75 por ciento, todo va a depender de c\u00f3mo salgan los datos (de inflaci\u00f3n) en febrero y marzo\u201d.<\/p>\n<p class=\"default__StyledText-xb1qmn-0 cgXrXK body-paragraph\">Mu\u00f1iz apunt\u00f3 que los recortes en la<b>\u00a0<\/b><b>tasa de fondeo<\/b>\u00a0comenzar\u00e1n a finales de este a\u00f1o e inicio del 2024 siempre y cuando, \u201cla expectativa de inflaci\u00f3n a 12 meses baje unos 50 puntos base, las\u00a0<b>expectativas de \u00edndice de precios<\/b>\u00a0disminuyan y un tercer elemento, que la\u00a0<b>Reserva Federal<\/b>\u00a0no siga incrementando su tasa de inter\u00e9s\u201d.<\/p>\n<div id=\"arcad-feature-79\" class=\"default__StyledAdUnit-ijbiyl-0 dmQA-dM arcad-feature margin-md-bottom \">\n<div class=\"arcad-container\">\n<div id=\"lazy_4\">\n<div id=\"box_banner1\" class=\"arcad ad-300x250\" data-google-query-id=\"COnJzuHNwP0CFUOFywEdDBkHUQ\">\n<div id=\"google_ads_iframe_\/77835600\/ElFinanciero__economia\/box_banner1_0__container__\"><\/div>\n<\/div>\n<\/div>\n<\/div>\n<\/div>\n<p class=\"default__StyledText-xb1qmn-0 cgXrXK body-paragraph\">Pamela D\u00edaz Loubet, economista para M\u00e9xico en BNP Paribas, asegur\u00f3 que su\u00a0<b>expectativa de tasa terminal del Banco de M\u00e9xico<\/b><b>\u00a0<\/b>es de 11.50 por ciento, con dos aumentos de 25 puntos base en las pr\u00f3ximas reuniones. \u201cDespu\u00e9s del \u00faltimo comunicado de pol\u00edtica monetaria ajustamos nuestros pron\u00f3sticos, porque nos cambiaron las reglas del juego\u201d.<\/p>\n<p class=\"default__StyledText-xb1qmn-0 cgXrXK body-paragraph\">La especialista afirm\u00f3 que para llegar a<b>\u00a0la tasa terminal<\/b>\u00a0es necesario analizar el comportamiento de la Fed, y por otro lado, que la tendencia inflacionaria comience a tener una convergencia respecto al estimado de\u00a0<b>Banco de M\u00e9xico<\/b>.<\/p>\n<p class=\"default__StyledText-xb1qmn-0 cgXrXK body-paragraph\">A\u00f1adi\u00f3 que una vez alcanzada la<b>\u00a0tasa terminal<\/b>, el\u00a0<b>banco central\u00a0<\/b>mantendr\u00e1 en pausa su\u00a0<b>tasa de inter\u00e9s<\/b>\u00a0este a\u00f1o y comenzar\u00e1 su ciclo de ajuste a la baja hasta el 2024.<\/p>\n<p class=\"default__StyledText-xb1qmn-0 cgXrXK body-paragraph\">Por su parte,\u00a0<b>Joel Virgen<\/b>, director de estrategia para Latam de TD Securities, asever\u00f3 que espera solo un incremento de 25 puntos base para la tasa y dejarla en 11.25 por ciento, \u201cesto basado en la gu\u00eda prospectiva que dio\u00a0<b>Banxico<\/b>\u00a0en su reuni\u00f3n de febrero, respecto a que moderar\u00e1 el\u00a0<b>ritmo de alzas<\/b>\u201d.<\/p>\n<p class=\"default__StyledText-xb1qmn-0 cgXrXK body-paragraph\">Adelant\u00f3 que en la pr\u00f3xima reuni\u00f3n de marzo, \u201cla\u00a0<b>Junta de Gobierno\u00a0<\/b>enviar\u00e1 un mensaje que los siguientes incrementos ser\u00e1n dependientes de los datos y que por el momento las\u00a0<b>condiciones monetarias<\/b>\u00a0son congruentes con que la\u00a0<b>inflaci\u00f3n descienda<\/b>, por lo que en el escenario base no habr\u00e1 otro incremento de 25 puntos base\u201d.<\/p>\n<p class=\"default__StyledText-xb1qmn-0 cgXrXK body-paragraph\">Virgen advirti\u00f3 que los\u00a0<b>recortes de tasa de inter\u00e9s\u00a0<\/b>ser\u00e1n hasta diciembre de este a\u00f1o, \u201cpara ello, se tiene que dar una conjunci\u00f3n de dos factores, uno, el\u00a0<b>comportamiento descendente de la inflaci\u00f3n\u00a0<\/b>hacia niveles de la<b>\u00a0inflaci\u00f3n<\/b>\u00a0del 5 por ciento y una\u00a0<b>desaceleraci\u00f3n econ\u00f3mica o un estancamiento<\/b>, tal que tengamos evidencia de que la\u00a0<b>econom\u00eda<\/b>\u00a0est\u00e1 creciendo alrededor de 1 por ciento\u201d.<\/p>\n<h2 class=\"heading__StyledHeading-sc-5jxglz-0 kSxoe\">Pesimismo en inflaci\u00f3n<\/h2>\n<p class=\"default__StyledText-xb1qmn-0 cgXrXK body-paragraph\">Los analistas consultados subieron nuevamente sus estimaciones para la\u00a0<b>inflaci\u00f3n general y subyacente<\/b>.<\/p>\n<p class=\"default__StyledText-xb1qmn-0 cgXrXK body-paragraph\">Prev\u00e9n que el<b>\u00a0<\/b><b>\u00edndice de precios al consumidor<\/b>\u00a0finalice el presente a\u00f1o en 5.28 por ciento, resultado mayor al 5.18 por ciento que esperaban el mes pasado. Para el 2024, pr\u00e1cticamente se mantuvo sin cambios, al subir a 4.07 por ciento, desde 4.0 por ciento.<\/p>\n<p class=\"default__StyledText-xb1qmn-0 cgXrXK body-paragraph\">En este mismo sentido, las<b>\u00a0<\/b><b>expectativas sobre la inflaci\u00f3n subyacente<\/b><b>\u00a0<\/b>pasaron de 5.20 por ciento en la encuesta pasada a 5.40 por ciento para este a\u00f1o, y de 4.0 a 4.04 para 2024.<\/p>\n<p class=\"default__StyledText-xb1qmn-0 cgXrXK body-paragraph\">Asimismo, se observ\u00f3 que los especialistas encuestados esperan que el peso se mantendr\u00e1 fuerte y finalizar\u00e1 el a\u00f1o en 19.80 pesos por unidad, frente a los 20.20 pesos por unidad de la encuesta previa.<\/p>\n<p class=\"default__StyledText-xb1qmn-0 cgXrXK body-paragraph\">En cuanto a los<b>\u00a0<\/b><b>pron\u00f3sticos de crecimiento econ\u00f3mico<\/b>, pas\u00f3 de 0.98 a 1.2 por ciento para 2023, y se mantuvo en 1.85 por ciento para 2024.<\/p>\n<p class=\"default__StyledText-xb1qmn-0 cgXrXK body-paragraph\">El\u00a0<b>factor de gobernanza<\/b>\u00a0contin\u00faa siendo identificado como el principal obst\u00e1culo para el<b>\u00a0<\/b><b>crecimiento econ\u00f3mico de M\u00e9xico<\/b>, pero ahora recibiendo un 46 por ciento de las respuestas (5 puntos porcentuales m\u00e1s que en el mes anterior).<\/p>\n<p class=\"default__StyledText-xb1qmn-0 cgXrXK body-paragraph\">El aumento se da en los\u00a0<b>factores de inseguridad p\u00fablica\u00a0<\/b>y de\u00a0<b>incertidumbre pol\u00edtica interna<\/b>, que en conjunto tienen el 30 por ciento de las respuestas.<\/p>\n<\/div>\n<\/div>\n","protected":false},"excerpt":{"rendered":"<p>Los analistas prev\u00e9n dos alzas m\u00e1s a la tasa de fondeo de 25 pb en cada una. El consenso de analistas consultados por el\u00a0Banco de M\u00e9xico (Banxico)\u00a0prev\u00e9 que la\u00a0tasa de inter\u00e9s de referencia\u00a0registrar\u00e1 dos incrementos m\u00e1s de 25 puntos base, para ubicarse en 11.5 por ciento al cierre del segundo trimestre y permanecer\u00e1 en ese [&hellip;]<\/p>\n","protected":false},"author":1,"featured_media":13724,"comment_status":"open","ping_status":"closed","sticky":false,"template":"","format":"standard","meta":{"footnotes":""},"categories":[6],"tags":[],"class_list":["post-13722","post","type-post","status-publish","format-standard","has-post-thumbnail","hentry","category-local"],"_links":{"self":[{"href":"https:\/\/red360digital.com\/index.php?rest_route=\/wp\/v2\/posts\/13722","targetHints":{"allow":["GET"]}}],"collection":[{"href":"https:\/\/red360digital.com\/index.php?rest_route=\/wp\/v2\/posts"}],"about":[{"href":"https:\/\/red360digital.com\/index.php?rest_route=\/wp\/v2\/types\/post"}],"author":[{"embeddable":true,"href":"https:\/\/red360digital.com\/index.php?rest_route=\/wp\/v2\/users\/1"}],"replies":[{"embeddable":true,"href":"https:\/\/red360digital.com\/index.php?rest_route=%2Fwp%2Fv2%2Fcomments&post=13722"}],"version-history":[{"count":0,"href":"https:\/\/red360digital.com\/index.php?rest_route=\/wp\/v2\/posts\/13722\/revisions"}],"wp:featuredmedia":[{"embeddable":true,"href":"https:\/\/red360digital.com\/index.php?rest_route=\/wp\/v2\/media\/13724"}],"wp:attachment":[{"href":"https:\/\/red360digital.com\/index.php?rest_route=%2Fwp%2Fv2%2Fmedia&parent=13722"}],"wp:term":[{"taxonomy":"category","embeddable":true,"href":"https:\/\/red360digital.com\/index.php?rest_route=%2Fwp%2Fv2%2Fcategories&post=13722"},{"taxonomy":"post_tag","embeddable":true,"href":"https:\/\/red360digital.com\/index.php?rest_route=%2Fwp%2Fv2%2Ftags&post=13722"}],"curies":[{"name":"wp","href":"https:\/\/api.w.org\/{rel}","templated":true}]}}