{"id":20503,"date":"2023-09-18T15:07:46","date_gmt":"2023-09-18T20:07:46","guid":{"rendered":"https:\/\/red360digital.com\/?p=20503"},"modified":"2023-09-18T20:07:56","modified_gmt":"2023-09-18T20:07:56","slug":"tiktok-viral-extranjero-llora-al-festejar-el-grito-de-independencia-en-mexico","status":"publish","type":"post","link":"https:\/\/red360digital.com\/?p=20503","title":{"rendered":"TikTok viral: extranjero llora al festejar el Grito de Independencia en M\u00e9xico"},"content":{"rendered":"<h4 class=\"article-subheadline left \" style=\"text-align: center;\">La emotiva reacci\u00f3n de \u201cEl G\u00fcerito Viaja\u201d en el Z\u00f3calo de la Ciudad de M\u00e9xico durante la celebraci\u00f3n del D\u00eda de la Independencia mexicana<\/h4>\n<div class=\"byline\">\n<p class=\"paragraph\" data-mrf-recirculation=\"Links inline\">El\u00a0<b>D\u00eda de la Independencia<\/b>\u00a0mexicana es una fecha que tiene el poder de conmover hasta las l\u00e1grimas a muchas personas, independientemente de su nacionalidad. Es considerada una de las celebraciones m\u00e1s significativas en<b>\u00a0M\u00e9xico<\/b>\u00a0debido a su profundo simbolismo hist\u00f3rico.<\/p>\n<p class=\"paragraph\" data-mrf-recirculation=\"Links inline\">Aunque algunos residentes extranjeros pueden no tener v\u00ednculos ancestrales con M\u00e9xico, no est\u00e1n exentos de sentir la misma emoci\u00f3n que cualquier mexicano al festejar este d\u00eda.<\/p>\n<div class=\"inline ad-wrapper\">\n<div class=\"dfpAd ad-inline\"><\/div>\n<\/div>\n<p class=\"paragraph\" data-mrf-recirculation=\"Links inline\">Un ejemplo conmovedor de esto lo encontramos en el usuario de<b>\u00a0TikTok \u201cEl G\u00fcerito Viaja\u201d<\/b>, quien celebr\u00f3 el\u00a0<b>15 de septiembre<\/b>\u00a0en el Z\u00f3calo de la Ciudad de M\u00e9xico. Comparti\u00f3 el emocionante momento del\u00a0<b>Grito de Independencia<\/b>\u00a0y, como resultado, se vio abrumado por la emoci\u00f3n, llegando incluso a derramar l\u00e1grimas.<\/p>\n<p class=\"paragraph\" data-mrf-recirculation=\"Links inline\">Esto demuestra c\u00f3mo la historia y la pasi\u00f3n que rodean a esta festividad pueden tocar los corazones de personas de todo el mundo y unirlas en un sentimiento de celebraci\u00f3n y respeto hacia M\u00e9xico y su lucha por la independencia.<\/p>\n<div class=\"recommended-card__info\">\n<p class=\"paragraph\" data-mrf-recirculation=\"Links inline\">En dicho video, el usuario \u2018El G\u00fcerito Viaja\u2019 comparti\u00f3 en TikTok un video donde festeja las fiestas patrias en el Z\u00f3calo capitalino, luciendo un sombrero y pintura tricolor en su rostro, adem\u00e1s se le puede ver portando la playera de la selecci\u00f3n nacional mexicana de f\u00fatbol.<\/p>\n<p class=\"paragraph\" data-mrf-recirculation=\"Links inline\">En el fondo se escuchaban las palabras del presidente de M\u00e9xico,<b>\u00a0Andr\u00e9s Manuel L\u00f3pez Obrador<\/b>, al hacer el tradicional Grito de Independencia, mientras el usuario muestra su rostro conmovido con los c\u00e1nticos de los mexicanos, lo cual lo volvi\u00f3 viral en redes sociales.<\/p>\n<p class=\"paragraph\" data-mrf-recirculation=\"Links inline\">Este emotivo episodio es un recordatorio de c\u00f3mo el D\u00eda de la Independencia mexicana trasciende fronteras y conecta a personas de todas las nacionalidades en un momento de unidad y celebraci\u00f3n.<\/p>\n<div class=\"jwplayer-ctn\">\n<div>\n<div id=\"VFWRQMRNDNEQNCAA4WMSZVSVBQ\" class=\"jwplayer jw-reset jw-state-idle jw-stretch-uniform jw-flag-aspect-mode jw-breakpoint-5 jw-floating-dismissible jw-flag-user-inactive\" tabindex=\"0\" role=\"application\" aria-label=\"Reproductor de Video\" aria-describedby=\"jw-VFWRQMRNDNEQNCAA4WMSZVSVBQ-shortcuts-tooltip-explanation\" data-compass-listening=\"true\">\n<div class=\"jw-aspect jw-reset\">\n<h2 class=\"header headline-class-h2\">Usuarios en redes sociales comentan<\/h2>\n<p class=\"paragraph\" data-mrf-recirculation=\"Links inline\">El video, que ya cuenta con 2.3 millones de reproducciones y m\u00e1s de 4 mil comentarios, atraj\u00f3 a varios usuarios mexicanos, quienes no dudaron en expresar sus opiniones al respecto. Aqu\u00ed te dejamos algunos de ellos.<\/p>\n<ul class=\"list\" data-icon=\"\u2b24\">\n<li data-icon=\"\u2b24\">\u201c\u00bfQu\u00e9 te costaba, Yaritza?\u201d<\/li>\n<li data-icon=\"\u2b24\">\u201cAmo a M\u00e9xico y a mi presidente AMLO\u201d<\/li>\n<li data-icon=\"\u2b24\">\u201cCreo que la gran mayor\u00eda lloramos por este grito de Independencia\u201d<\/li>\n<li data-icon=\"\u2b24\">\u201cUn pa\u00eds que adopta a todo aquel que est\u00e9 dispuesto amar esta patria como su tierra misma. Amo mi Mexico\u201d<\/li>\n<li data-icon=\"\u2b24\">\u201cGracias por querer a M\u00e9xico, g\u00fcerito ya eres mexicano y adoptamos con amor\u201d<\/li>\n<li data-icon=\"\u2b24\">\u201cG\u00fcerito me hiciste llorar de verte tan emocionado, gracias por tu reacci\u00f3n\u201d<\/li>\n<li data-icon=\"\u2b24\">\u201cEs tan bonito ver que ay tambi\u00e9n personas que no son Mexicanos sientan amor a nosotros hermoso M\u00e9xico\u201d<\/li>\n<li data-icon=\"\u2b24\">\u201cM\u00e9xico es el coraz\u00f3n del mundo\u201d<\/li>\n<\/ul>\n<\/div>\n<div class=\"jw-wrapper jw-reset\">\n<div class=\"jw-controls jw-reset\">\n<div class=\"jw-display jw-reset\">\n<div class=\"jw-display-container jw-reset\">\n<div class=\"jw-display-controls jw-reset\">\n<div class=\"jw-display-icon-container jw-display-icon-display jw-reset\">\n<div class=\"jw-icon jw-icon-display jw-button-color jw-reset\" tabindex=\"0\" role=\"button\" aria-label=\"Reproducir\"><\/div>\n<\/div>\n<\/div>\n<\/div>\n<\/div>\n<div class=\"jw-nextup-container jw-reset\">\n<div class=\"jw-nextup jw-background-color jw-reset jw-nextup-thumbnail-visible\">\n<div class=\"jw-nextup-tooltip jw-reset\">\n<div class=\"jw-nextup-thumbnail jw-reset\"><\/div>\n<div class=\"jw-nextup-body jw-reset\">\n<div class=\"jw-nextup-header jw-reset\"><\/div>\n<div class=\"jw-nextup-title jw-reset-text\" dir=\"auto\"><\/div>\n<div class=\"jw-nextup-duration jw-reset\"><\/div>\n<\/div>\n<\/div>\n<p><button class=\"jw-icon jw-nextup-close jw-reset\" type=\"button\" aria-label=\"Cerrar\"><\/button><\/div>\n<\/div>\n<\/div>\n<\/div>\n<div class=\"afs_ads ad-placement\"><\/div>\n<\/div>\n<\/div>\n<\/div>\n<\/div>\n<\/div>\n","protected":false},"excerpt":{"rendered":"<p>La emotiva reacci\u00f3n de \u201cEl G\u00fcerito Viaja\u201d en el Z\u00f3calo de la Ciudad de M\u00e9xico durante la celebraci\u00f3n del D\u00eda de la Independencia mexicana El\u00a0D\u00eda de la Independencia\u00a0mexicana es una fecha que tiene el poder de conmover hasta las l\u00e1grimas a muchas personas, independientemente de su nacionalidad. Es considerada una de las celebraciones m\u00e1s significativas [&hellip;]<\/p>\n","protected":false},"author":1,"featured_media":20505,"comment_status":"open","ping_status":"closed","sticky":false,"template":"","format":"standard","meta":{"footnotes":""},"categories":[2],"tags":[],"class_list":["post-20503","post","type-post","status-publish","format-standard","has-post-thumbnail","hentry","category-cultural"],"_links":{"self":[{"href":"https:\/\/red360digital.com\/index.php?rest_route=\/wp\/v2\/posts\/20503","targetHints":{"allow":["GET"]}}],"collection":[{"href":"https:\/\/red360digital.com\/index.php?rest_route=\/wp\/v2\/posts"}],"about":[{"href":"https:\/\/red360digital.com\/index.php?rest_route=\/wp\/v2\/types\/post"}],"author":[{"embeddable":true,"href":"https:\/\/red360digital.com\/index.php?rest_route=\/wp\/v2\/users\/1"}],"replies":[{"embeddable":true,"href":"https:\/\/red360digital.com\/index.php?rest_route=%2Fwp%2Fv2%2Fcomments&post=20503"}],"version-history":[{"count":0,"href":"https:\/\/red360digital.com\/index.php?rest_route=\/wp\/v2\/posts\/20503\/revisions"}],"wp:featuredmedia":[{"embeddable":true,"href":"https:\/\/red360digital.com\/index.php?rest_route=\/wp\/v2\/media\/20505"}],"wp:attachment":[{"href":"https:\/\/red360digital.com\/index.php?rest_route=%2Fwp%2Fv2%2Fmedia&parent=20503"}],"wp:term":[{"taxonomy":"category","embeddable":true,"href":"https:\/\/red360digital.com\/index.php?rest_route=%2Fwp%2Fv2%2Fcategories&post=20503"},{"taxonomy":"post_tag","embeddable":true,"href":"https:\/\/red360digital.com\/index.php?rest_route=%2Fwp%2Fv2%2Ftags&post=20503"}],"curies":[{"name":"wp","href":"https:\/\/api.w.org\/{rel}","templated":true}]}}