{"id":2169,"date":"2021-01-30T04:33:51","date_gmt":"2021-01-30T04:33:51","guid":{"rendered":"http:\/\/whatsappcancun.com\/?p=2169"},"modified":"2021-01-30T04:33:51","modified_gmt":"2021-01-30T04:33:51","slug":"tigres-tiene-que-representar-a-mexico-piloto-jimenez","status":"publish","type":"post","link":"https:\/\/red360digital.com\/?p=2169","title":{"rendered":"Tigres tiene que representar a M\u00e9xico: \u201cPiloto\u201d Jim\u00e9nez"},"content":{"rendered":"\n<p>Israel \u201cPiloto\u201d Jim\u00e9nez, zaguero del Mazatl\u00e1n FC, revir\u00f3 las pol\u00e9micas declaraciones de su ex compa\u00f1ero de Tigres, Guido Pizarro.<\/p>\n\n\n\n<p>Cabe recordar que el jugador argentino asegur\u00f3 que el conjunto regiomontano no representar\u00e1 a M\u00e9xico durante el Mundial de Clubes de la FIFA, a disputarse el pr\u00f3ximo mes de febrero.<\/p>\n\n\n\n<p>Ante esto, el \u201cPiloto\u201d Jim\u00e9nez dijo respetar la opini\u00f3n de Guido Pizarro, sin embargo, para \u00e9l, un equipo que representa al f\u00fatbol mexicano en una justa internacional tambi\u00e9n representa a M\u00e9xico.<\/p>\n\n\n\n<blockquote class=\"wp-block-quote is-layout-flow wp-block-quote-is-layout-flow\"><p>\u201cTigres es el equipo que gan\u00f3 la Concachampions y tiene que representar a M\u00e9xico y es de cada quien como piense y es respetable\u201d, a\u00f1adi\u00f3 el defensa que alz\u00f3 cinco t\u00edtulos de la mano de Ricardo Ferretti en el equipo auriazul.<\/p><\/blockquote>\n\n\n\n<h2 class=\"wp-block-heading\">Tigres tiene que representar a M\u00e9xico: \u201cPiloto\u201d Jim\u00e9nez<\/h2>\n\n\n\n<p>Las declaraciones de Pizarro han hecho eco por todo el futbol mexicano y David Faitelson tambi\u00e9n no dud\u00f3 en responder al capit\u00e1n felino:<\/p>\n\n\n\n<blockquote class=\"wp-block-quote is-layout-flow wp-block-quote-is-layout-flow\"><p>\u201cDe acuerdo\u2026 Guido Pizarro dice que Tigres representa a Tigres y no a un pa\u00eds en el Mundial de Clubes. Tiene toda la raz\u00f3n en lo que respecta estrictamente a un tema pasional. En el futbol\u00edstico, los resultados de Tigres s\u00ed que puede ser un term\u00f3metro para medir a la Liga MX\u2026\u201d<\/p><\/blockquote>\n","protected":false},"excerpt":{"rendered":"<p>Israel \u201cPiloto\u201d Jim\u00e9nez, zaguero del Mazatl\u00e1n FC, revir\u00f3 las pol\u00e9micas declaraciones de su ex compa\u00f1ero de Tigres, Guido Pizarro. Cabe recordar que el jugador argentino asegur\u00f3 que el conjunto regiomontano no representar\u00e1 a M\u00e9xico durante el Mundial de Clubes de la FIFA, a disputarse el pr\u00f3ximo mes de febrero. Ante esto, el \u201cPiloto\u201d Jim\u00e9nez dijo [&hellip;]<\/p>\n","protected":false},"author":1,"featured_media":2170,"comment_status":"open","ping_status":"closed","sticky":false,"template":"","format":"standard","meta":{"footnotes":""},"categories":[3],"tags":[],"class_list":["post-2169","post","type-post","status-publish","format-standard","has-post-thumbnail","hentry","category-deportes"],"_links":{"self":[{"href":"https:\/\/red360digital.com\/index.php?rest_route=\/wp\/v2\/posts\/2169","targetHints":{"allow":["GET"]}}],"collection":[{"href":"https:\/\/red360digital.com\/index.php?rest_route=\/wp\/v2\/posts"}],"about":[{"href":"https:\/\/red360digital.com\/index.php?rest_route=\/wp\/v2\/types\/post"}],"author":[{"embeddable":true,"href":"https:\/\/red360digital.com\/index.php?rest_route=\/wp\/v2\/users\/1"}],"replies":[{"embeddable":true,"href":"https:\/\/red360digital.com\/index.php?rest_route=%2Fwp%2Fv2%2Fcomments&post=2169"}],"version-history":[{"count":0,"href":"https:\/\/red360digital.com\/index.php?rest_route=\/wp\/v2\/posts\/2169\/revisions"}],"wp:featuredmedia":[{"embeddable":true,"href":"https:\/\/red360digital.com\/index.php?rest_route=\/wp\/v2\/media\/2170"}],"wp:attachment":[{"href":"https:\/\/red360digital.com\/index.php?rest_route=%2Fwp%2Fv2%2Fmedia&parent=2169"}],"wp:term":[{"taxonomy":"category","embeddable":true,"href":"https:\/\/red360digital.com\/index.php?rest_route=%2Fwp%2Fv2%2Fcategories&post=2169"},{"taxonomy":"post_tag","embeddable":true,"href":"https:\/\/red360digital.com\/index.php?rest_route=%2Fwp%2Fv2%2Ftags&post=2169"}],"curies":[{"name":"wp","href":"https:\/\/api.w.org\/{rel}","templated":true}]}}