{"id":2451,"date":"2021-02-25T00:39:08","date_gmt":"2021-02-25T00:39:08","guid":{"rendered":"https:\/\/whatsappcancun.com\/?p=2451"},"modified":"2021-02-25T00:39:08","modified_gmt":"2021-02-25T00:39:08","slug":"retorno-a-clases-sera-en-semaforo-verde-reitera-la-sep","status":"publish","type":"post","link":"https:\/\/red360digital.com\/?p=2451","title":{"rendered":"Retorno a clases ser\u00e1 en sem\u00e1foro verde, reitera la SEP"},"content":{"rendered":"<p>Retorno a clases ser\u00e1 en sem\u00e1foro verde, reitera la SEP, tanto de planteles privados como p\u00fablicos, se realizar\u00e1 cuando el sem\u00e1foro epidemiol\u00f3gico est\u00e9 en verde.<\/p>\n<p>La dependencia respondi\u00f3 de esta forma a la Asociaci\u00f3n Nacional de Escuelas Particulares (ANFE-ANEP), que hab\u00eda anunciado que los colegios privados regresar\u00edan a las aulas a partir del primero de marzo:<\/p>\n<blockquote><p>\u201cFrente a los se\u00f1alamientos de la Asociaci\u00f3n Nacional de Escuelas Particulares (ANFE-ANEP), sobre un posible regreso a clases presenciales en las escuelas privadas afiliadas, el pr\u00f3ximo 1 de marzo, la SEP informa que la apertura de los planteles educativos depender\u00e1 de las disposiciones sanitarias vigentes\u201d, apunt\u00f3 el organismo p\u00fablico en un comunicado.<\/p><\/blockquote>\n<p>Adem\u00e1s, el retorno a las aulas debe ser seguro, ordenado, gradual y cauto, pero a su debido tiempo, con el sem\u00e1foro epidemiol\u00f3gico en color verde.<\/p>\n<h2>Retorno a clases ser\u00e1 en sem\u00e1foro verde, reitera la SEP; puntos claves<\/h2>\n<p>Para un retorno adecuado a los salones escolares, es necesario realizar la limpieza profunda de los planteles, aplicar filtros de corresponsabilidad sanitaria, guardar sana distancia y usar cubrebocas; indic\u00f3 el organismo.<\/p>\n<p>El lunes, la Asociaci\u00f3n Nacional de Escuelas Particulares asegur\u00f3 que los ni\u00f1os regresar\u00e1n a clases, de forma presencial, el pr\u00f3ximo 1 de marzo, pero de manera voluntaria.<\/p>\n<p>Sin embargo ,se tomar\u00edan todas las precauciones de sanidad, tanto en las casas como en las escuelas, de acuerdo con los protocolos de desinfecci\u00f3n de las secretar\u00edas de Salud y Educaci\u00f3n, as\u00ed como otros aditamentos de las escuelas.<\/p>\n<p>Pero esto fue desmentido por el organismo federal.<\/p>\n","protected":false},"excerpt":{"rendered":"<p>Retorno a clases ser\u00e1 en sem\u00e1foro verde, reitera la SEP, tanto de planteles privados como p\u00fablicos, se realizar\u00e1 cuando el sem\u00e1foro epidemiol\u00f3gico est\u00e9 en verde. La dependencia respondi\u00f3 de esta forma a la Asociaci\u00f3n Nacional de Escuelas Particulares (ANFE-ANEP), que hab\u00eda anunciado que los colegios privados regresar\u00edan a las aulas a partir del primero de [&hellip;]<\/p>\n","protected":false},"author":1,"featured_media":2452,"comment_status":"open","ping_status":"closed","sticky":false,"template":"","format":"standard","meta":{"footnotes":""},"categories":[7],"tags":[],"class_list":["post-2451","post","type-post","status-publish","format-standard","has-post-thumbnail","hentry","category-nacional"],"_links":{"self":[{"href":"https:\/\/red360digital.com\/index.php?rest_route=\/wp\/v2\/posts\/2451","targetHints":{"allow":["GET"]}}],"collection":[{"href":"https:\/\/red360digital.com\/index.php?rest_route=\/wp\/v2\/posts"}],"about":[{"href":"https:\/\/red360digital.com\/index.php?rest_route=\/wp\/v2\/types\/post"}],"author":[{"embeddable":true,"href":"https:\/\/red360digital.com\/index.php?rest_route=\/wp\/v2\/users\/1"}],"replies":[{"embeddable":true,"href":"https:\/\/red360digital.com\/index.php?rest_route=%2Fwp%2Fv2%2Fcomments&post=2451"}],"version-history":[{"count":0,"href":"https:\/\/red360digital.com\/index.php?rest_route=\/wp\/v2\/posts\/2451\/revisions"}],"wp:featuredmedia":[{"embeddable":true,"href":"https:\/\/red360digital.com\/index.php?rest_route=\/wp\/v2\/media\/2452"}],"wp:attachment":[{"href":"https:\/\/red360digital.com\/index.php?rest_route=%2Fwp%2Fv2%2Fmedia&parent=2451"}],"wp:term":[{"taxonomy":"category","embeddable":true,"href":"https:\/\/red360digital.com\/index.php?rest_route=%2Fwp%2Fv2%2Fcategories&post=2451"},{"taxonomy":"post_tag","embeddable":true,"href":"https:\/\/red360digital.com\/index.php?rest_route=%2Fwp%2Fv2%2Ftags&post=2451"}],"curies":[{"name":"wp","href":"https:\/\/api.w.org\/{rel}","templated":true}]}}