{"id":2485,"date":"2021-02-28T01:37:33","date_gmt":"2021-02-28T01:37:33","guid":{"rendered":"https:\/\/whatsappcancun.com\/?p=2485"},"modified":"2021-02-28T01:37:33","modified_gmt":"2021-02-28T01:37:33","slug":"biden-y-amlo-sostendran-una-reunion-virtual-el-1-de-marzo","status":"publish","type":"post","link":"https:\/\/red360digital.com\/?p=2485","title":{"rendered":"Biden y AMLO sostendr\u00e1n una reuni\u00f3n virtual el 1 de marzo"},"content":{"rendered":"<p><strong>M\u00c9XICO.-<\/strong>\u00a0La Secretar\u00eda de Relaciones Exteriores (<strong>SRE<\/strong>) inform\u00f3 que \u201ccomo seguimiento a las distintas conversaciones entre los primeros mandatarios, los presidentes\u00a0<strong>L\u00f3pez Obrador<\/strong>\u00a0y\u00a0<strong>Joseph Biden<\/strong>\u00a0conversar\u00e1n sobre la visi\u00f3n y objetivos compartidos de la agenda de bilateral\u201d.<\/p>\n<p>En un comunicado, la dependencia inform\u00f3 que el encuentro se dar\u00e1 el pr\u00f3ximo\u00a01 de marzo por v\u00eda remota.<\/p>\n<p>En la reuni\u00f3n virtual, explicaron, abordar\u00e1n los mecanismos de cooperaci\u00f3n para atender las causas estructurales de la migraci\u00f3n en el norte de Centroam\u00e9rica y el sur de M\u00e9xico.<\/p>\n<p>Adem\u00e1s, los presidentes discutir\u00e1n sobre los estragos del\u00a0<strong>Covid-19<\/strong>\u00a0y las \u00e1reas de oportunidad que presenta el\u00a0<strong>T-MEC<\/strong>\u00a0hacia una recuperaci\u00f3n econ\u00f3mica sostenible y m\u00e1s igualitaria en Norteam\u00e9rica.<\/p>\n<p>El \u201cpr\u00f3ximo lunes 1 de marzo se llevar\u00e1 a cabo la primera reuni\u00f3n bilateral de los presidentes de M\u00e9xico Andr\u00e9s Manuel L\u00f3pez Obrador y de los Estados Unidos, Joe Biden. Estar\u00e9 informando temas y participantes de ambos gobiernos. Una nueva etapa de cooperaci\u00f3n se inicia\u201d, dijo Marcelo Ebrard en su cuenta de Twitter.<\/p>\n<div class=\"twitter-tweet twitter-tweet-rendered\"><iframe id=\"twitter-widget-4\" class=\"\" title=\"Twitter Tweet\" src=\"https:\/\/platform.twitter.com\/embed\/Tweet.html?creatorScreenName=24horasqroo&amp;dnt=false&amp;embedId=twitter-widget-4&amp;frame=false&amp;hideCard=false&amp;hideThread=false&amp;id=1365452722296733696&amp;lang=es&amp;origin=https%3A%2F%2Fwww.24horasqroo.mx%2Fnacional%2Fprecandidatos-omiten-reportar-fiscalizacion-ine-podria-quitarles-registro%2F&amp;siteScreenName=24horasqroo&amp;theme=light&amp;widgetsVersion=889aa01%3A1612811843556&amp;width=550px\" frameborder=\"0\" scrolling=\"no\" allowfullscreen=\"allowfullscreen\" data-tweet-id=\"1365452722296733696\" data-mce-fragment=\"1\"><\/iframe><\/div>\n<p>&nbsp;<\/p>\n","protected":false},"excerpt":{"rendered":"<p>M\u00c9XICO.-\u00a0La Secretar\u00eda de Relaciones Exteriores (SRE) inform\u00f3 que \u201ccomo seguimiento a las distintas conversaciones entre los primeros mandatarios, los presidentes\u00a0L\u00f3pez Obrador\u00a0y\u00a0Joseph Biden\u00a0conversar\u00e1n sobre la visi\u00f3n y objetivos compartidos de la agenda de bilateral\u201d. En un comunicado, la dependencia inform\u00f3 que el encuentro se dar\u00e1 el pr\u00f3ximo\u00a01 de marzo por v\u00eda remota. En la reuni\u00f3n virtual, [&hellip;]<\/p>\n","protected":false},"author":1,"featured_media":2486,"comment_status":"open","ping_status":"closed","sticky":false,"template":"","format":"standard","meta":{"footnotes":""},"categories":[5],"tags":[],"class_list":["post-2485","post","type-post","status-publish","format-standard","has-post-thumbnail","hentry","category-internacional"],"_links":{"self":[{"href":"https:\/\/red360digital.com\/index.php?rest_route=\/wp\/v2\/posts\/2485","targetHints":{"allow":["GET"]}}],"collection":[{"href":"https:\/\/red360digital.com\/index.php?rest_route=\/wp\/v2\/posts"}],"about":[{"href":"https:\/\/red360digital.com\/index.php?rest_route=\/wp\/v2\/types\/post"}],"author":[{"embeddable":true,"href":"https:\/\/red360digital.com\/index.php?rest_route=\/wp\/v2\/users\/1"}],"replies":[{"embeddable":true,"href":"https:\/\/red360digital.com\/index.php?rest_route=%2Fwp%2Fv2%2Fcomments&post=2485"}],"version-history":[{"count":0,"href":"https:\/\/red360digital.com\/index.php?rest_route=\/wp\/v2\/posts\/2485\/revisions"}],"wp:featuredmedia":[{"embeddable":true,"href":"https:\/\/red360digital.com\/index.php?rest_route=\/wp\/v2\/media\/2486"}],"wp:attachment":[{"href":"https:\/\/red360digital.com\/index.php?rest_route=%2Fwp%2Fv2%2Fmedia&parent=2485"}],"wp:term":[{"taxonomy":"category","embeddable":true,"href":"https:\/\/red360digital.com\/index.php?rest_route=%2Fwp%2Fv2%2Fcategories&post=2485"},{"taxonomy":"post_tag","embeddable":true,"href":"https:\/\/red360digital.com\/index.php?rest_route=%2Fwp%2Fv2%2Ftags&post=2485"}],"curies":[{"name":"wp","href":"https:\/\/api.w.org\/{rel}","templated":true}]}}