{"id":3697,"date":"2021-11-03T22:24:45","date_gmt":"2021-11-03T22:24:45","guid":{"rendered":"https:\/\/whatsappcancun.com\/?p=3697"},"modified":"2021-11-03T22:24:45","modified_gmt":"2021-11-03T22:24:45","slug":"gobernador-de-quintana-roo-critica-el-derrotismo-de-marko-cortes","status":"publish","type":"post","link":"https:\/\/red360digital.com\/?p=3697","title":{"rendered":"Gobernador de Quintana Roo critica el derrotismo de Marko Cort\u00e9s"},"content":{"rendered":"<h4 class=\"h2\" style=\"text-align: center;\">El gobernador Carlos Joaqu\u00edn se\u00f1al\u00f3 que espera que los dichos del dirigente del PAN sean parte de una \u201cdeclaraci\u00f3n aislada\u201d; rechaz\u00f3 ser de los mandatarios \u201cseducidos\u201d por AMLO como se\u00f1al\u00f3 el l\u00edder nacional del PRD, Jes\u00fas Zambrano<\/h4>\n<p>El\u00a0<strong>gobernador de Quintana Roo, Carlos Joaqu\u00edn Gonz\u00e1lez<\/strong>, critic\u00f3 las declaraciones del\u00a0<strong>dirigente del Partido Acci\u00f3n Nacional (PAN), Marko Cort\u00e9s<\/strong>, quien asumi\u00f3 anticipadamente la derrota albiazul en cinco de seis elecciones a la gubernatura en 2022 y neg\u00f3 ser parte de los gobernadores pol\u00edticamente \u201cseducidos\u201d por el\u00a0<strong>presidente Andr\u00e9s Manuel L\u00f3pez Obrador,<\/strong>\u00a0en referencia a las declaraciones del\u00a0<strong>l\u00edder nacional del Partido de la Revoluci\u00f3n Democr\u00e1tica (PRD), Jes\u00fas Zambrano.<\/strong><\/p>\n<p>\u201cMe parece una muy lamentable declaraci\u00f3n, un comentario muy lejano a lo que yo considero\u201d, expres\u00f3, para luego marcar distancia con el PAN, instituto pol\u00edtico al que dijo no pertenecer.<\/p>\n<p>\u201cNo pertenezco al PAN, pero fue uno de los partidos que me impuls\u00f3 a llegar a la gubernatura y por supuesto le tengo todo el respeto y cuidado que debemos tener como parte de un esquema pol\u00edtico y por supuesto hay que seguir trabajando\u201d, abund\u00f3.<\/p>\n<p>El mandatario estatal consider\u00f3 que Marko Cort\u00e9s \u201cno conoce a fondo\u201d los datos y las acciones emprendidas en la entidad y dijo que esperaba que sus dichos sean parte de una \u201cdeclaraci\u00f3n aislada\u201d, tomando en cuenta que pr\u00e1cticamente est\u00e1 dejando fuera de un triunfo electoral a cinco entidades, con excepci\u00f3n de Aguascalientes.<\/p>\n<p>\u201cMe parece que como partido, como esquemas de alianza, deben trabajar a fondo en lograr un triunfo electoral\u201d, dijo.<\/p>\n<p>Cuestionado a qu\u00e9 partido pertenece, si no es al PAN -como \u00e9l mismo declar\u00f3- refrend\u00f3 que no milita en ese partido, pero afirm\u00f3 que coincide en buena medida con su ideolog\u00eda.<\/p>\n<p>Sobre lo expresado por Zambrano, que lo incluy\u00f3 dentro del grupo de gobernadores cuyo comportamiento provoca \u201csuspicacias\u201d ante la probabilidad de entregar la gubernatura al\u00a0<strong>Movimiento de Regeneraci\u00f3n Nacional (Morena)<\/strong>, rechaz\u00f3 ser de los \u201cseducidos\u201d por L\u00f3pez Obrador.<\/p>\n<p>\u201cNo, yo no me siento seducido por nadie; yo tengo un buen trabajo de coordinaci\u00f3n; hay una relaci\u00f3n cordial con el presidente y el gobierno federal, y me parece que esa es la mejor manera en que podemos impulsar el crecimiento y desarrollo de Quintana Roo.<\/p>\n<p>\u201cNo me parece que pele\u00e1ndonos u oponi\u00e9ndonos a todas las acciones es como se va a lograr lo mejor para el estado, que es lo que a m\u00ed m\u00e1s me interesa, m\u00e1s que triunfos electorales, me interesa m\u00e1s que Quintana Roo avance y crezca; estoy seguro que trabajando en coordinaci\u00f3n con \u00e9l y con el gobierno federal lo podemos hacer\u201d, manifest\u00f3.<\/p>\n","protected":false},"excerpt":{"rendered":"<p>El gobernador Carlos Joaqu\u00edn se\u00f1al\u00f3 que espera que los dichos del dirigente del PAN sean parte de una \u201cdeclaraci\u00f3n aislada\u201d; rechaz\u00f3 ser de los mandatarios \u201cseducidos\u201d por AMLO como se\u00f1al\u00f3 el l\u00edder nacional del PRD, Jes\u00fas Zambrano El\u00a0gobernador de Quintana Roo, Carlos Joaqu\u00edn Gonz\u00e1lez, critic\u00f3 las declaraciones del\u00a0dirigente del Partido Acci\u00f3n Nacional (PAN), Marko Cort\u00e9s, [&hellip;]<\/p>\n","protected":false},"author":1,"featured_media":3699,"comment_status":"open","ping_status":"closed","sticky":false,"template":"","format":"standard","meta":{"footnotes":""},"categories":[9,10],"tags":[],"class_list":["post-3697","post","type-post","status-publish","format-standard","has-post-thumbnail","hentry","category-politica","category-quintana-roo"],"_links":{"self":[{"href":"https:\/\/red360digital.com\/index.php?rest_route=\/wp\/v2\/posts\/3697","targetHints":{"allow":["GET"]}}],"collection":[{"href":"https:\/\/red360digital.com\/index.php?rest_route=\/wp\/v2\/posts"}],"about":[{"href":"https:\/\/red360digital.com\/index.php?rest_route=\/wp\/v2\/types\/post"}],"author":[{"embeddable":true,"href":"https:\/\/red360digital.com\/index.php?rest_route=\/wp\/v2\/users\/1"}],"replies":[{"embeddable":true,"href":"https:\/\/red360digital.com\/index.php?rest_route=%2Fwp%2Fv2%2Fcomments&post=3697"}],"version-history":[{"count":0,"href":"https:\/\/red360digital.com\/index.php?rest_route=\/wp\/v2\/posts\/3697\/revisions"}],"wp:featuredmedia":[{"embeddable":true,"href":"https:\/\/red360digital.com\/index.php?rest_route=\/wp\/v2\/media\/3699"}],"wp:attachment":[{"href":"https:\/\/red360digital.com\/index.php?rest_route=%2Fwp%2Fv2%2Fmedia&parent=3697"}],"wp:term":[{"taxonomy":"category","embeddable":true,"href":"https:\/\/red360digital.com\/index.php?rest_route=%2Fwp%2Fv2%2Fcategories&post=3697"},{"taxonomy":"post_tag","embeddable":true,"href":"https:\/\/red360digital.com\/index.php?rest_route=%2Fwp%2Fv2%2Ftags&post=3697"}],"curies":[{"name":"wp","href":"https:\/\/api.w.org\/{rel}","templated":true}]}}