{"id":4245,"date":"2021-12-22T02:02:05","date_gmt":"2021-12-22T02:02:05","guid":{"rendered":"https:\/\/whatsappcancun.com\/?p=4245"},"modified":"2021-12-22T02:02:05","modified_gmt":"2021-12-22T02:02:05","slug":"mexico-no-impondra-restricciones-de-viajes-por-omicron-dice-ebrard-a-blinken","status":"publish","type":"post","link":"https:\/\/red360digital.com\/?p=4245","title":{"rendered":"M\u00e9xico no impondr\u00e1 restricciones de viajes por \u00f3micron, dice Ebrard a Blinken"},"content":{"rendered":"<p>Durante una reuni\u00f3n virtual con el secretario de Estado, el canciller asegur\u00f3 que el gobierno apuesta por un mensaje de prevenci\u00f3n y vacunaci\u00f3n<\/p>\n<p>El canciller Marcelo Ebrard dijo este martes que\u00a0<strong>M\u00e9xico no plantea aplicar restricciones de viajes\u00a0<\/strong>al intervenir durante una reuni\u00f3n telem\u00e1tica convocada por el secretario de Estado de Estados Unidos, Antony Blinken, sobre la variable \u00f3micron del coronavirus.<\/p>\n<p>La Secretar\u00eda de Relaciones Exteriores (SRE) inform\u00f3 en un comunicado que Ebrard explic\u00f3 que \u00ab<strong>M\u00e9xico est\u00e1 trabajando en un plan de vacunaci\u00f3n de refuerzo para la poblaci\u00f3n elegible<\/strong>\u00a0y que no se planea imponer, hasta el momento, restricciones a los viajes nacionales\u00bb.<\/p>\n<p>Adem\u00e1s, inst\u00f3 a los representantes de 17 pa\u00edses a\u00a0<strong>\u00abmantener un mensaje de prevenci\u00f3n y vacunaci\u00f3n\u00bb.<\/strong><\/p>\n<div class=\" b2\">Por su parte, Blinken dio a conocer la intenci\u00f3n del Gobierno de Estados Unidos de sostener una nueva reuni\u00f3n ministerial a principios del pr\u00f3ximo a\u00f1o.El secretario de Estado subray\u00f3 la necesidad del \u00abfortalecimiento de las cadenas de suministro\u00bb de material m\u00e9dico, la \u00abaceptaci\u00f3n de distintos tipos de vacunas\u00bb contra el coronavirus y el objetivo de haber vacunado al 70 % de la poblaci\u00f3n mundial a finales de 2022.<\/div>\n<div>Seg\u00fan la SRE, en el encuentro participaron ministros y representantes de Alemania, Arabia Saud\u00ed, Australia, Botsuana, Canad\u00e1, China, India, Israel, Jap\u00f3n, Malaui, Mozambique, Sud\u00e1frica, Rep\u00fablica de Corea, Reino Unido, la Uni\u00f3n Europea y la Uni\u00f3n Africana, as\u00ed como diplom\u00e1ticos de otros pa\u00edses.<\/div>\n","protected":false},"excerpt":{"rendered":"<p>Durante una reuni\u00f3n virtual con el secretario de Estado, el canciller asegur\u00f3 que el gobierno apuesta por un mensaje de prevenci\u00f3n y vacunaci\u00f3n El canciller Marcelo Ebrard dijo este martes que\u00a0M\u00e9xico no plantea aplicar restricciones de viajes\u00a0al intervenir durante una reuni\u00f3n telem\u00e1tica convocada por el secretario de Estado de Estados Unidos, Antony Blinken, sobre la [&hellip;]<\/p>\n","protected":false},"author":1,"featured_media":4247,"comment_status":"open","ping_status":"closed","sticky":false,"template":"","format":"standard","meta":{"footnotes":""},"categories":[6,7,11],"tags":[],"class_list":["post-4245","post","type-post","status-publish","format-standard","has-post-thumbnail","hentry","category-local","category-nacional","category-salud"],"_links":{"self":[{"href":"https:\/\/red360digital.com\/index.php?rest_route=\/wp\/v2\/posts\/4245","targetHints":{"allow":["GET"]}}],"collection":[{"href":"https:\/\/red360digital.com\/index.php?rest_route=\/wp\/v2\/posts"}],"about":[{"href":"https:\/\/red360digital.com\/index.php?rest_route=\/wp\/v2\/types\/post"}],"author":[{"embeddable":true,"href":"https:\/\/red360digital.com\/index.php?rest_route=\/wp\/v2\/users\/1"}],"replies":[{"embeddable":true,"href":"https:\/\/red360digital.com\/index.php?rest_route=%2Fwp%2Fv2%2Fcomments&post=4245"}],"version-history":[{"count":0,"href":"https:\/\/red360digital.com\/index.php?rest_route=\/wp\/v2\/posts\/4245\/revisions"}],"wp:featuredmedia":[{"embeddable":true,"href":"https:\/\/red360digital.com\/index.php?rest_route=\/wp\/v2\/media\/4247"}],"wp:attachment":[{"href":"https:\/\/red360digital.com\/index.php?rest_route=%2Fwp%2Fv2%2Fmedia&parent=4245"}],"wp:term":[{"taxonomy":"category","embeddable":true,"href":"https:\/\/red360digital.com\/index.php?rest_route=%2Fwp%2Fv2%2Fcategories&post=4245"},{"taxonomy":"post_tag","embeddable":true,"href":"https:\/\/red360digital.com\/index.php?rest_route=%2Fwp%2Fv2%2Ftags&post=4245"}],"curies":[{"name":"wp","href":"https:\/\/api.w.org\/{rel}","templated":true}]}}