{"id":6503,"date":"2022-06-11T16:52:41","date_gmt":"2022-06-11T21:52:41","guid":{"rendered":"https:\/\/red360digital.com\/?p=6503"},"modified":"2022-06-13T21:55:23","modified_gmt":"2022-06-13T21:55:23","slug":"llegara-cine-internacional-a-la-sala-lumiere-de-culiacan","status":"publish","type":"post","link":"https:\/\/red360digital.com\/?p=6503","title":{"rendered":"Llegar\u00e1 cine internacional a la Sala Lumi\u00e8re de Culiac\u00e1n"},"content":{"rendered":"<h4 class=\"lead font-1 fs18\" style=\"text-align: center;\">Del 16 de junio al 16 de julio se proyectar\u00e1n 12 pel\u00edculas del Circuito Cineteca; la entrada ser\u00e1 libre<\/h4>\n<div class=\"block\">\n<div class=\"info\">\n<div class=\"bylines font-2 bold fs12\">\n<div class=\"byline text-uppercase\">\n<p>Luego de dos a\u00f1os de permanecer cerrada por la pandemia, la Sala Lumi\u00e8re abrir\u00e1 sus puertas este 16 de junio para presentar el ciclo de cine Internacional de la Cineteca.<\/p>\n<p>Juan Salvador Avil\u00e9s Ochoa, director del Instituto Sinaloense de Cultura, inform\u00f3 que durante un mes se exhibir\u00e1n 12 producciones de pa\u00edses como Chile, Francia, Argentina, Guatemala y Alemania, entre otros, que en alg\u00fan momento han formado parte de circuitos de festivales internacionales de cine.<\/p>\n<p>La idea es llevar este ciclo a los dem\u00e1s municipios de Sinaloa, pues el programa Circuito Cineteca tiene como prop\u00f3sito desde 2011 descentralizar la exhibici\u00f3n cinematogr\u00e1fica de calidad.<\/p>\n<p>\u201cDel 16 de junio al 16 de julio la Sala Lumi\u00e8re abrir\u00e1 sus puertas luego de dos a\u00f1os de pandemia, y debido a que sigue presente a\u00fan, se tomar\u00e1 medidas para que la gente que asista a partir del jueves que dar\u00e1 inicio a la programaci\u00f3n que va a estar centrada en cine contempor\u00e1neo internacional\u201d.<\/p>\n<p>Francisco Lara Medina, coordinador de Vinculaci\u00f3n del Isic, inform\u00f3 que todas las funciones ser\u00e1n a las 18:00 horas, de lunes a s\u00e1bado y las 12 pel\u00edculas se exhibir\u00e1n entre dos y tres d\u00edas.<\/p>\n<p>El programa abre el jueves 16 y viernes 17 de junio con la proyecci\u00f3n de La Isla M\u00ednima, de Alberto Rodr\u00edguez, de Espa\u00f1a (2014), y sigue el s\u00e1bado 18 y lunes 20 con Porto (Dir. Gabe Klinger; Portugal &#8211; EEUU, 2016).<\/p>\n<p>Los d\u00edas 21 y 22 se proyectar\u00e1\u00a0<i>La Iniciaci\u00f3n<\/i>, de John Trengove (Sud\u00e1frica &#8211; Alemania y Pa\u00edses Bajos, 2017); el 23 y 24,\u00a0<i>Buey Ne\u00f3n<\/i>, de Gabriel Mascaro ( Brasil &#8211; Uruguay, 2015); y los d\u00edas 25 y 27,\u00a0<i>Murieron por encima de sus posibilidades<\/i>, de Isaki Lacuesta (Espa\u00f1a, 2014).<\/p>\n<p>Los d\u00edas 28 y 29 se proyectar\u00e1\u00a0<i>Aqu\u00ed no ha pasado nada<\/i>, de Alejandro Fern\u00e1ndez Almendras (Chile \u2013 EEUU, 2016); el 30 de junio y 1 de julio,\u00a0<i>El Club<\/i>, de Pablo Larrain (Chile, 2015); y el 2, 4 y 5 de julio,\u00a0<i>Mar<\/i>, de Domingo Soto Mayor; (Argentina, 2015).<\/p>\n<p>Los d\u00edas 6, 7 y 8 est\u00e1 programada\u00a0<i>El bot\u00f3n de N\u00e1cabar<\/i>, de Patricio Guzm\u00e1n, (Chile \u2013 Francia, 2015); los d\u00edas 9, 11 y 12, estar\u00e1\u00a0<i>Ixcanul<\/i>, de Jayro Bustamante (Guatemala \u2013 Francia, 2015).<\/p>\n<p>Los d\u00edas 13 y 14 sigue con\u00a0<i>Matar a un hombre<\/i>, de Alejandro Fern\u00e1ndez Almendras, Chile \u2013 Francia, 2014), y cierra los d\u00edas 15 y 16 de julio con\u00a0<i>El Peque\u00f1o Quinqu\u00edn<\/i>, de Bruno Dumont (Francia, 2014).<\/p>\n<div class=\"paragraph\">\n<p>Rodolfo Arriaga, director de Actividades Art\u00edsticas del Isic, destac\u00f3 que son pel\u00edculas que han pasado filtros y foros de Encuentros Internacionales de Cine, como en los casos de\u00a0<i>Isla m\u00ednima,<\/i>\u00a0de Alberto Rodr\u00edguez, con diversos premios en actuaci\u00f3n, fotograf\u00eda, direcci\u00f3n de arte en diversos festivales de cine europeo y\u00a0<i>Porto<\/i>, tambi\u00e9n multipremiada.<\/p>\n<p>\u201cEs un cine de mucha calidad\u201d, asegur\u00f3.<\/p>\n<p>Juan Avil\u00e9s reiter\u00f3 que la entrada a este ciclo de cine ser\u00e1 gratuita.<\/p>\n<\/div>\n<div class=\"paragraph\">\n<p><b>EL PROGRAMA<\/b><\/p>\n<p><b>Junio<\/b><\/p>\n<p>Jueves 16 y viernes 17: La Isla M\u00ednima (Espa\u00f1a, 2014)<\/p>\n<p>S\u00e1bado 18 y lunes 20: Porto (Portugal &#8211; EEUU, 2016).<\/p>\n<p>Martes 21 y mi\u00e9rcoles 22: La Iniciaci\u00f3n (Sud\u00e1frica &#8211; Alemania y Pa\u00edses Bajos, 2017)<\/p>\n<p>23 y 24: Buey Ne\u00f3n (Mascaro, Brasil &#8211; Uruguay, 2015)<\/p>\n<p>25 y 27: Murieron por encima de sus posibilidades (Espa\u00f1a, 2014).<\/p>\n<p>28 y 29: Aqu\u00ed no ha pasado nada\u201d (Chile \u2013 EEUU, 2016)<\/p>\n<p><b>Julio<\/b><\/p>\n<p>30 de junio y 1 de julio: El Club (Chile, 2015)<\/p>\n<p>2, 4 y 5 de julio: Mar (Argentina, 2015)<\/p>\n<p>6, 7 y 8: El bot\u00f3n de N\u00e1cabar (Chile \u2013 Francia, 2015)<\/p>\n<p>9, 11 y 12: Ixcanul (Guatemala \u2013 Francia, 2015).<\/p>\n<p>13 y 14: Matar a un hombre (Chile \u2013 Francia, 2014)<\/p>\n<p>15 y 16 de julio: Peque\u00f1o Quinqu\u00edn (Francia, 2014).<\/p>\n<\/div>\n<\/div>\n<\/div>\n<\/div>\n<\/div>\n","protected":false},"excerpt":{"rendered":"<p>Del 16 de junio al 16 de julio se proyectar\u00e1n 12 pel\u00edculas del Circuito Cineteca; la entrada ser\u00e1 libre Luego de dos a\u00f1os de permanecer cerrada por la pandemia, la Sala Lumi\u00e8re abrir\u00e1 sus puertas este 16 de junio para presentar el ciclo de cine Internacional de la Cineteca. Juan Salvador Avil\u00e9s Ochoa, director del [&hellip;]<\/p>\n","protected":false},"author":1,"featured_media":6505,"comment_status":"open","ping_status":"closed","sticky":false,"template":"","format":"standard","meta":{"footnotes":""},"categories":[2,4,7],"tags":[],"class_list":["post-6503","post","type-post","status-publish","format-standard","has-post-thumbnail","hentry","category-cultural","category-espectaculos","category-nacional"],"_links":{"self":[{"href":"https:\/\/red360digital.com\/index.php?rest_route=\/wp\/v2\/posts\/6503","targetHints":{"allow":["GET"]}}],"collection":[{"href":"https:\/\/red360digital.com\/index.php?rest_route=\/wp\/v2\/posts"}],"about":[{"href":"https:\/\/red360digital.com\/index.php?rest_route=\/wp\/v2\/types\/post"}],"author":[{"embeddable":true,"href":"https:\/\/red360digital.com\/index.php?rest_route=\/wp\/v2\/users\/1"}],"replies":[{"embeddable":true,"href":"https:\/\/red360digital.com\/index.php?rest_route=%2Fwp%2Fv2%2Fcomments&post=6503"}],"version-history":[{"count":0,"href":"https:\/\/red360digital.com\/index.php?rest_route=\/wp\/v2\/posts\/6503\/revisions"}],"wp:featuredmedia":[{"embeddable":true,"href":"https:\/\/red360digital.com\/index.php?rest_route=\/wp\/v2\/media\/6505"}],"wp:attachment":[{"href":"https:\/\/red360digital.com\/index.php?rest_route=%2Fwp%2Fv2%2Fmedia&parent=6503"}],"wp:term":[{"taxonomy":"category","embeddable":true,"href":"https:\/\/red360digital.com\/index.php?rest_route=%2Fwp%2Fv2%2Fcategories&post=6503"},{"taxonomy":"post_tag","embeddable":true,"href":"https:\/\/red360digital.com\/index.php?rest_route=%2Fwp%2Fv2%2Ftags&post=6503"}],"curies":[{"name":"wp","href":"https:\/\/api.w.org\/{rel}","templated":true}]}}