{"id":7392,"date":"2022-07-21T16:46:19","date_gmt":"2022-07-21T21:46:19","guid":{"rendered":"https:\/\/red360digital.com\/?p=7392"},"modified":"2022-07-22T21:48:45","modified_gmt":"2022-07-22T21:48:45","slug":"clausura-cobat-segundo-coloquio-internacional-de-educacion-2022","status":"publish","type":"post","link":"https:\/\/red360digital.com\/?p=7392","title":{"rendered":"Clausura Cobat Segundo Coloquio Internacional de Educaci\u00f3n 2022"},"content":{"rendered":"<p>El Colegio de Bachilleres de Tlaxcala (Cobat) llev\u00f3 a cabo la clausura del Segundo Coloquio Internacional de Educaci\u00f3n 2022, denominado \u201cRenovando mi labor docente\u201d, que se desarroll\u00f3 en instalaciones de la Direcci\u00f3n General.<\/p>\n<p>El coloquio tuvo como objetivo que el personal docente y administrativo ponga en pr\u00e1ctica los conocimientos adquiridos a lo largo de las ponencias, en beneficio de la comunidad estudiantil en el siguiente ciclo escolar 2022-2023, que dar\u00e1 inicio el pr\u00f3ximo 29 de agosto.<\/p>\n<p>Al evento asistieron los directivos de los 24 planteles y cinco telebachilleratos, los cuatro coordinadores sectoriales, el l\u00edder del Sindicato de Trabajadores Administrativos y de Intendencia del Colegio de Bachilleres de Tlaxcala (Staicobat), Juan Netz\u00e1huatl Salda\u00f1a y el director general, Darwin P\u00e9rez y P\u00e9rez.<\/p>\n<p>En esta jornada se impartieron las siguientes ponencias: \u201cEducando humana-mente\u201d por Fernando Valdez Zainos, \u201cCaptar la atenci\u00f3n de los alumnos\u201d realizada en dos sesiones por Jos\u00e9 Antonio P\u00e9rez Robleda, \u201cDesarrollo de habilidades digitales cr\u00edticas\u201d por Luz Mar\u00eda Garay Cruz y \u201cAn\u00e1lisis y aplicaci\u00f3n del protocolo para prevenir y disminuir la violencia escolar en el estado de Tlaxcala\u201d por Mar\u00eda del Carmen Cruz Padilla.<\/p>\n<p>A la par de este evento, la comunidad administrativa particip\u00f3 en la ponencia \u201cMente indomable el arte de ser l\u00edder y trabajar\u201d en equipo por Fernando Valdez Zainos, al igual que en cinco talleres: \u201cActitud y calidad en el servicio\u201d por Javier Carrasco Islas, \u201cAdministraci\u00f3n del tiempo\u201d por Edgar Hern\u00e1ndez Zavala, \u201cTrabajo en equipo\u201d por Anah\u00ed Torres Cu\u00e9llar, \u201cInteligencia emocional y t\u00e9cnicas de manejo del estr\u00e9s\u201d por Raymundo Cervantes y \u201cFundamentos de biblioteconom\u00eda: la biblioteca manual, automatizada y digital\u201d por Mar\u00eda de la Luz Peralta.<\/p>\n<p>P\u00e9rez y P\u00e9rez agradeci\u00f3 la presencia de la planta directiva y administrativa, as\u00ed como el compa\u00f1erismo del l\u00edder sindical del Staicobat. \u201cSomos la instituci\u00f3n a nivel estatal con la mayor matr\u00edcula de alumnos\u201d, se\u00f1al\u00f3. Es por ello que la jornada acad\u00e9mica se enfoc\u00f3 en la capacitaci\u00f3n y sensibilizaci\u00f3n del docente y del personal administrativo para mejorar el compromiso con la labor educativa.<\/p>\n<p>Por \u00faltimo, agreg\u00f3 que las metas cumplidas dentro del Cobat son debido al esfuerzo y la b\u00fasqueda del beneficio com\u00fan y el \u00fanico objetivo al frente de esta direcci\u00f3n es y ha sido el poder entregar alumnos de calidad a la sociedad.<\/p>\n","protected":false},"excerpt":{"rendered":"<p>El Colegio de Bachilleres de Tlaxcala (Cobat) llev\u00f3 a cabo la clausura del Segundo Coloquio Internacional de Educaci\u00f3n 2022, denominado \u201cRenovando mi labor docente\u201d, que se desarroll\u00f3 en instalaciones de la Direcci\u00f3n General. El coloquio tuvo como objetivo que el personal docente y administrativo ponga en pr\u00e1ctica los conocimientos adquiridos a lo largo de las [&hellip;]<\/p>\n","protected":false},"author":1,"featured_media":7394,"comment_status":"open","ping_status":"closed","sticky":false,"template":"","format":"standard","meta":{"footnotes":""},"categories":[2,5],"tags":[],"class_list":["post-7392","post","type-post","status-publish","format-standard","has-post-thumbnail","hentry","category-cultural","category-internacional"],"_links":{"self":[{"href":"https:\/\/red360digital.com\/index.php?rest_route=\/wp\/v2\/posts\/7392","targetHints":{"allow":["GET"]}}],"collection":[{"href":"https:\/\/red360digital.com\/index.php?rest_route=\/wp\/v2\/posts"}],"about":[{"href":"https:\/\/red360digital.com\/index.php?rest_route=\/wp\/v2\/types\/post"}],"author":[{"embeddable":true,"href":"https:\/\/red360digital.com\/index.php?rest_route=\/wp\/v2\/users\/1"}],"replies":[{"embeddable":true,"href":"https:\/\/red360digital.com\/index.php?rest_route=%2Fwp%2Fv2%2Fcomments&post=7392"}],"version-history":[{"count":0,"href":"https:\/\/red360digital.com\/index.php?rest_route=\/wp\/v2\/posts\/7392\/revisions"}],"wp:featuredmedia":[{"embeddable":true,"href":"https:\/\/red360digital.com\/index.php?rest_route=\/wp\/v2\/media\/7394"}],"wp:attachment":[{"href":"https:\/\/red360digital.com\/index.php?rest_route=%2Fwp%2Fv2%2Fmedia&parent=7392"}],"wp:term":[{"taxonomy":"category","embeddable":true,"href":"https:\/\/red360digital.com\/index.php?rest_route=%2Fwp%2Fv2%2Fcategories&post=7392"},{"taxonomy":"post_tag","embeddable":true,"href":"https:\/\/red360digital.com\/index.php?rest_route=%2Fwp%2Fv2%2Ftags&post=7392"}],"curies":[{"name":"wp","href":"https:\/\/api.w.org\/{rel}","templated":true}]}}