{"id":7518,"date":"2022-07-27T19:26:01","date_gmt":"2022-07-28T00:26:01","guid":{"rendered":"https:\/\/red360digital.com\/?p=7518"},"modified":"2022-07-28T00:26:11","modified_gmt":"2022-07-28T00:26:11","slug":"festival-internacional-de-tunas-y-estudiantinas-de-slp-que-es-y-cuando-se-celebra","status":"publish","type":"post","link":"https:\/\/red360digital.com\/?p=7518","title":{"rendered":"Festival Internacional de Tunas y Estudiantinas de SLP \u00bfQu\u00e9 es y cu\u00e1ndo se celebra?"},"content":{"rendered":"<h4 class=\"h2\" style=\"text-align: center;\">Con canciones, bailes y callejoneadas, el evento busca preservar una tradici\u00f3n en el estado que data del a\u00f1o 1963<\/h4>\n<p>Tras dos a\u00f1os de suspensi\u00f3n por la pandemia de Covid-19, el<strong>\u00a0Festival Internacional de Tunas y Estudiantinas<\/strong>\u00a0regresar\u00e1 a las calles de\u00a0<strong>San Luis Potos\u00ed<\/strong>, esta vez para celebrar su d\u00e9cimo aniversario.<\/p>\n<p>Canciones, bailes y callejoneadas volver\u00e1n a poner alegr\u00eda en las calles de la capital del estado con el recibimiento y participaci\u00f3n de las Tunas y Estudiantinas m\u00e1s destacadas de la entidad y de otros estados de M\u00e9xico y\u00a0pa\u00edses invitados.<\/p>\n<h2><strong>Tuner\u00eda, una tradici\u00f3n al estilo San Luis<\/strong><\/h2>\n<p>V\u00edctor \u00c1lvarez Palencia, organizador del evento e integrante de\u00a0<strong>Tuna de San Luis Potos\u00ed<\/strong>, explic\u00f3 que esta tradici\u00f3n data del Siglo XIII en Espa\u00f1a, cuando\u00a0<strong>estudiantes\u00a0<\/strong>de bajos recursos iban a tabernas a cantar para conseguir dinero o comida para sobrevivir y seguir estudiando.<\/p>\n<p>Este<strong>\u00a0movimiento estudiantil<\/strong>\u00a0de sobrevivencia, indic\u00f3, lleg\u00f3 al pa\u00eds por el a\u00f1o de 1962, desde entonces se practic\u00f3 en\u00a0<strong>Quer\u00e9taro\u00a0<\/strong>y\u00a0<strong>Guanajuato<\/strong>, mientras que para 1963 la tradici\u00f3n inici\u00f3 en\u00a0<strong>San Luis Potos\u00ed<\/strong>, la cual ha ido evolucionando conforme al paso del tiempo.<\/p>\n<p>\u201cQueremos que San Luis proyecte la bonita tradici\u00f3n de la Tuner\u00eda. Al igual que Quer\u00e9taro y Guanajuato,\u00a0<strong>San Luis Potos\u00ed\u00a0<\/strong>tambi\u00e9n fue cuna del movimiento de<strong>\u00a0estudiantinas en M\u00e9xico<\/strong>\u201d, coment\u00f3.<\/p>\n<p>Fernando Alonso Gonz\u00e1lez, tambi\u00e9n integrante de\u00a0<strong>Tuna de San Luis Potos\u00ed<\/strong>, explic\u00f3 que tanto la Tuna y la Estudiantina est\u00e1n formadas por\u00a0<strong>estudiantes\u00a0<\/strong>\u00abque les gusta la buena m\u00fasica\u00bb.<\/p>\n<p>Detall\u00f3 que lo que diferencia a una Estudiantina de una Tuna, es que la Estudiantina se transforma en Tuna cuando uno de sus miembros recibe una \u00abbeca\u00bb, es decir, una acreditaci\u00f3n como miembro experimentado, ya que en autom\u00e1tico la agrupaci\u00f3n se vuelve de un nivel superior y se les puede identificar con insignias en el traje.<\/p>\n<h2><strong>\u00bfCu\u00e1ndo se celebrar\u00e1 el festival de Tunas y Estudiantinas?<\/strong><\/h2>\n<p>El\u00a0<strong>Festival Internacional de Tunas y Estudiantinas de San Luis Potos\u00ed<\/strong>\u00a0se llevar\u00e1 a cabo del 5 al 7 de agosto en la capital del estado, as\u00ed lo inform\u00f3 en conferencia de prensa la Direcci\u00f3n de Turismo Municipal.<\/p>\n<p>Claudia Peralta Antiga, titular de turismo capitalino, precis\u00f3 que este Festival Internacional dar\u00e1 inicio con el recibimiento de las Tunas y Estudiantinas invitadas, como la Tuna internacional de Bogot\u00e1,\u00a0<strong>Colombia<\/strong>.<\/p>\n<p>Adem\u00e1s, el primer d\u00eda del evento tendr\u00e1n lugar las<strong>\u00a0serenatas en el balc\u00f3n del Museo de la M\u00e1scara<\/strong>\u00a0y el<strong>\u00a0Callej\u00f3n de San Francisco<\/strong>.<\/p>\n<p>En tanto que para el 6 de agosto se prev\u00e9 que a las 13:00 horas se realice la inauguraci\u00f3n oficial del Festival frente a\u00a0<strong>Palacio Municipal<\/strong>\u00a0y durante el d\u00eda se desarrolle un concurso de canciones y bailes de pandereta entre los grupos participantes y callejoneadas por el Centro Hist\u00f3rico de la capital.<\/p>\n<p>Para el 7 de agosto se realizar\u00e1 la premiaci\u00f3n de los concursos previos y se llevar\u00e1 a cabo una\u00a0<strong>magna callejoneada\u00a0<\/strong>que partir\u00e1 de la\u00a0<strong>Plaza de Armas<\/strong>\u00a0a<strong>\u00a0Plaza del Carmen<\/strong>.<\/p>\n<p>El Festival es un evento gratuito en el que se contempla la participaci\u00f3n abierta de Estudiantinas y Tunas de todo el pa\u00eds y a nivel internacional.<\/p>\n<p>En el estado destacan cuatro agrupaciones: Tuna Universitario de San Luis Potos\u00ed, Tuna Huasteca Real, Tuna Colonial Potosina y la Tuna Magisterial Potosina.<\/p>\n<p>En esta d\u00e9cima edici\u00f3n del Festival, la\u00a0<strong>Tuna de Bogot\u00e1\u00a0<\/strong>proveniente de Colombia, ser\u00e1 la invitada de honor.<\/p>\n","protected":false},"excerpt":{"rendered":"<p>Con canciones, bailes y callejoneadas, el evento busca preservar una tradici\u00f3n en el estado que data del a\u00f1o 1963 Tras dos a\u00f1os de suspensi\u00f3n por la pandemia de Covid-19, el\u00a0Festival Internacional de Tunas y Estudiantinas\u00a0regresar\u00e1 a las calles de\u00a0San Luis Potos\u00ed, esta vez para celebrar su d\u00e9cimo aniversario. Canciones, bailes y callejoneadas volver\u00e1n a poner [&hellip;]<\/p>\n","protected":false},"author":1,"featured_media":7520,"comment_status":"open","ping_status":"closed","sticky":false,"template":"","format":"standard","meta":{"footnotes":""},"categories":[2,5],"tags":[],"class_list":["post-7518","post","type-post","status-publish","format-standard","has-post-thumbnail","hentry","category-cultural","category-internacional"],"_links":{"self":[{"href":"https:\/\/red360digital.com\/index.php?rest_route=\/wp\/v2\/posts\/7518","targetHints":{"allow":["GET"]}}],"collection":[{"href":"https:\/\/red360digital.com\/index.php?rest_route=\/wp\/v2\/posts"}],"about":[{"href":"https:\/\/red360digital.com\/index.php?rest_route=\/wp\/v2\/types\/post"}],"author":[{"embeddable":true,"href":"https:\/\/red360digital.com\/index.php?rest_route=\/wp\/v2\/users\/1"}],"replies":[{"embeddable":true,"href":"https:\/\/red360digital.com\/index.php?rest_route=%2Fwp%2Fv2%2Fcomments&post=7518"}],"version-history":[{"count":0,"href":"https:\/\/red360digital.com\/index.php?rest_route=\/wp\/v2\/posts\/7518\/revisions"}],"wp:featuredmedia":[{"embeddable":true,"href":"https:\/\/red360digital.com\/index.php?rest_route=\/wp\/v2\/media\/7520"}],"wp:attachment":[{"href":"https:\/\/red360digital.com\/index.php?rest_route=%2Fwp%2Fv2%2Fmedia&parent=7518"}],"wp:term":[{"taxonomy":"category","embeddable":true,"href":"https:\/\/red360digital.com\/index.php?rest_route=%2Fwp%2Fv2%2Fcategories&post=7518"},{"taxonomy":"post_tag","embeddable":true,"href":"https:\/\/red360digital.com\/index.php?rest_route=%2Fwp%2Fv2%2Ftags&post=7518"}],"curies":[{"name":"wp","href":"https:\/\/api.w.org\/{rel}","templated":true}]}}