{"id":7530,"date":"2022-07-27T19:33:53","date_gmt":"2022-07-28T00:33:53","guid":{"rendered":"https:\/\/red360digital.com\/?p=7530"},"modified":"2022-07-28T00:34:00","modified_gmt":"2022-07-28T00:34:00","slug":"el-festival-internacional-de-plano-regresa-en-persona-para-celebrar-a-cientos-de-paises","status":"publish","type":"post","link":"https:\/\/red360digital.com\/?p=7530","title":{"rendered":"El Festival Internacional de Plano regresa en persona para celebrar a cientos de pa\u00edses"},"content":{"rendered":"<div class=\"row\">\n<div class=\"dmnc_generic-header-header-module__HGJUM column small-12 xlarge-10 mt-9 mb-7\">\n<hgroup>\n<h4 class=\"dmnc_generic-header-header-module__3wgXU secondaryRoman secondaryRoman-30 md_secondaryRoman-40 text-gray-dark\" style=\"text-align: center;\">Despu\u00e9s de dos a\u00f1os, se festejar\u00e1 de nuevo la diversidad del Norte de Texas en Haggard Park<\/h4>\n<\/hgroup>\n<\/div>\n<\/div>\n<section class=\"dmnc_layouts-content-right-rail-with-gap-module__2mnoA row lg_justify-between lg_flex-nowrap\">\n<div class=\"dmnc_layouts-content-right-rail-with-gap-module__3UeG1 column small-12 large-expand xlarge-8\">\n<p class=\"body-text-paragraph\">Tras haber sido cancelado dos a\u00f1os seguidos por la pandemia, el Festival Internacional de Plano regresar\u00e1 en persona este 15 de octubre.<\/p>\n<p class=\"body-text-paragraph\">Decenas de organizaciones multiculturales se reunir\u00e1n para compartir sus tradiciones con el p\u00fablico en un festival gratuito y al aire libre.<\/p>\n<p class=\"body-text-paragraph\">El evento se llevar\u00e1 a cabo en Haggard Park ubicado en la intersecci\u00f3n de la 15th Street y la H Avenue de 11 a.m. a 5 p.m. Este es el 18vo a\u00f1o que se celebra el festival en el que hay danzas tradicionales, artesan\u00edas, manualidades, comidas t\u00edpicas y m\u00fasica de diferentes partes del mundo.<\/p>\n<p class=\"body-text-paragraph\">Algunos de los pa\u00edses que tuvieron puestos de exhibici\u00f3n en a\u00f1os previos fueron M\u00e9xico, El Salvador, Jap\u00f3n, India, Ecuador, Ucrania, Per\u00fa, Zimbabwe y Argentina, entre otros.<\/p>\n<p class=\"body-text-paragraph\">Adem\u00e1s, ese mismo d\u00eda, habr\u00e1 una feria de salud en Courtyard Theater, ubicado 1509 Avenue, frente Haggard Park. De 10 a.m. a 1 p.m. se realizar\u00e1n servicios m\u00e9dicos sin costo como chequeos de presi\u00f3n arterial, diabetes, colesterol, audici\u00f3n, visi\u00f3n, glaucoma y el virus de la inmunodeficiencia humana. El evento es organizado por Texas Health Presbyterian Hospital de Plano.<\/p>\n<p class=\"body-text-paragraph\">Los ni\u00f1os en edad escolar podr\u00e1n recibir las vacunas necesarias para el regreso a clase como la de meningitis B, adem\u00e1s de chequeos dentales y lentes para la visi\u00f3n, sin costo.<\/p>\n<h1 class=\"body-text-header\"><b>Festival Internacional de Plano<\/b><\/h1>\n<p class=\"body-text-paragraph\"><b>Qu\u00e9:\u00a0<\/b>El Festival Internacional de Plano regresa en persona<\/p>\n<p class=\"body-text-paragraph\"><b>Cu\u00e1ndo:\u00a0<\/b>S\u00e1bado 15 de octubre de 11 a.m. a 5 p.m.<\/p>\n<p class=\"body-text-paragraph\"><b>D\u00f3nde:\u00a0<\/b>Haggard Park,<b>\u00a0<\/b>15th Street y la H Avenue<\/p>\n<p class=\"body-text-paragraph\"><b>Costo:\u00a0<\/b>Gratis<\/p>\n<p class=\"body-text-paragraph\"><b>M\u00e1s informaci\u00f3n:\u00a0<\/b>Visite la p\u00e1gina\u00a0https:\/\/www.planointernationalfestival.org\/<\/p>\n<\/div>\n<\/section>\n","protected":false},"excerpt":{"rendered":"<p>Despu\u00e9s de dos a\u00f1os, se festejar\u00e1 de nuevo la diversidad del Norte de Texas en Haggard Park Tras haber sido cancelado dos a\u00f1os seguidos por la pandemia, el Festival Internacional de Plano regresar\u00e1 en persona este 15 de octubre. Decenas de organizaciones multiculturales se reunir\u00e1n para compartir sus tradiciones con el p\u00fablico en un festival [&hellip;]<\/p>\n","protected":false},"author":1,"featured_media":7532,"comment_status":"open","ping_status":"closed","sticky":false,"template":"","format":"standard","meta":{"footnotes":""},"categories":[2,4,5],"tags":[],"class_list":["post-7530","post","type-post","status-publish","format-standard","has-post-thumbnail","hentry","category-cultural","category-espectaculos","category-internacional"],"_links":{"self":[{"href":"https:\/\/red360digital.com\/index.php?rest_route=\/wp\/v2\/posts\/7530","targetHints":{"allow":["GET"]}}],"collection":[{"href":"https:\/\/red360digital.com\/index.php?rest_route=\/wp\/v2\/posts"}],"about":[{"href":"https:\/\/red360digital.com\/index.php?rest_route=\/wp\/v2\/types\/post"}],"author":[{"embeddable":true,"href":"https:\/\/red360digital.com\/index.php?rest_route=\/wp\/v2\/users\/1"}],"replies":[{"embeddable":true,"href":"https:\/\/red360digital.com\/index.php?rest_route=%2Fwp%2Fv2%2Fcomments&post=7530"}],"version-history":[{"count":0,"href":"https:\/\/red360digital.com\/index.php?rest_route=\/wp\/v2\/posts\/7530\/revisions"}],"wp:featuredmedia":[{"embeddable":true,"href":"https:\/\/red360digital.com\/index.php?rest_route=\/wp\/v2\/media\/7532"}],"wp:attachment":[{"href":"https:\/\/red360digital.com\/index.php?rest_route=%2Fwp%2Fv2%2Fmedia&parent=7530"}],"wp:term":[{"taxonomy":"category","embeddable":true,"href":"https:\/\/red360digital.com\/index.php?rest_route=%2Fwp%2Fv2%2Fcategories&post=7530"},{"taxonomy":"post_tag","embeddable":true,"href":"https:\/\/red360digital.com\/index.php?rest_route=%2Fwp%2Fv2%2Ftags&post=7530"}],"curies":[{"name":"wp","href":"https:\/\/api.w.org\/{rel}","templated":true}]}}