{"id":7539,"date":"2022-07-28T16:32:56","date_gmt":"2022-07-28T21:32:56","guid":{"rendered":"https:\/\/red360digital.com\/?p=7539"},"modified":"2022-07-28T21:33:05","modified_gmt":"2022-07-28T21:33:05","slug":"asi-reacciono-la-prensa-internacional-al-debut-de-dani-alves-con-pumas","status":"publish","type":"post","link":"https:\/\/red360digital.com\/?p=7539","title":{"rendered":"As\u00ed reaccion\u00f3 la prensa internacional al debut de Dani Alves con Pumas"},"content":{"rendered":"<p class=\"CreativeWorkPage-subHeadline\">Dani Alves debut\u00f3 con los Pumas con asistencia de \u00faltimo minuto en el empate ante Mazatl\u00e1n y la prensa internacional volte\u00f3 a ver su participaci\u00f3n<\/p>\n<div class=\"ArticlePage-articleBody\">\n<div class=\"RichTextArticleBody-body\">\n<p>El pasado\u00a0<b>mi\u00e9rcoles 27 de julio<\/b>\u00a0quedar\u00e1 marcado en la historia de la Liga BBVA MX como\u00a0<b>el d\u00eda que debut\u00f3 Dani Alves con los Pumas<\/b>\u00a0en el Estadio Ol\u00edmpico Universitario. El brasile\u00f1o hizo que C.U. se rindiera ante \u00e9l, tras ser\u00a0<b>titular y jugar los 90 minutos,<\/b>\u00a0pero adem\u00e1s,\u00a0<b>dio la asistencia para el gol<\/b>\u00a0del defensa argentino, Nicol\u00e1s Freire, quien\u00a0<b><span class=\"Enhancement\"><span class=\"Enhancement-item\">rescat\u00f3 el empate 1-1 ante Mazatl\u00e1n FC\u00a0<\/span><\/span><\/b>al minuto 89.<\/p>\n<p><b>Te puede interesar:\u00a0<span class=\"Enhancement\"><span class=\"Enhancement-item\">As\u00ed se vivi\u00f3 el debut de Dani Alves con Pumas<\/span><\/span><\/b><\/p>\n<p>Sin embargo,\u00a0<b>la afici\u00f3n universitaria no fue la \u00fanica que llen\u00f3 de elogios<\/b>\u00a0a su nuevo fichaje, sino que\u00a0<b>la prensa internacional tambi\u00e9n destac\u00f3 la actuaci\u00f3n del exjugador del Barcelona<\/b>\u00a0durante sus primeros minutos en el futbol mexicano.<\/p>\n<p><b>Desde Barcelona, hasta pa\u00edses de Sudam\u00e9rica como Argentina y Colombia<\/b>\u00a0voltearon a ver a M\u00e9xico para el debut de la leyenda, consolidada como el jugador con m\u00e1s t\u00edtulos en toda la historia. Aqu\u00ed te dejamos\u00a0<b>las mejores reacciones de la prensa internacional.<\/b><\/p>\n<\/div>\n<\/div>\n","protected":false},"excerpt":{"rendered":"<p>Dani Alves debut\u00f3 con los Pumas con asistencia de \u00faltimo minuto en el empate ante Mazatl\u00e1n y la prensa internacional volte\u00f3 a ver su participaci\u00f3n El pasado\u00a0mi\u00e9rcoles 27 de julio\u00a0quedar\u00e1 marcado en la historia de la Liga BBVA MX como\u00a0el d\u00eda que debut\u00f3 Dani Alves con los Pumas\u00a0en el Estadio Ol\u00edmpico Universitario. El brasile\u00f1o hizo [&hellip;]<\/p>\n","protected":false},"author":1,"featured_media":7541,"comment_status":"open","ping_status":"closed","sticky":false,"template":"","format":"standard","meta":{"footnotes":""},"categories":[3,5,7],"tags":[],"class_list":["post-7539","post","type-post","status-publish","format-standard","has-post-thumbnail","hentry","category-deportes","category-internacional","category-nacional"],"_links":{"self":[{"href":"https:\/\/red360digital.com\/index.php?rest_route=\/wp\/v2\/posts\/7539","targetHints":{"allow":["GET"]}}],"collection":[{"href":"https:\/\/red360digital.com\/index.php?rest_route=\/wp\/v2\/posts"}],"about":[{"href":"https:\/\/red360digital.com\/index.php?rest_route=\/wp\/v2\/types\/post"}],"author":[{"embeddable":true,"href":"https:\/\/red360digital.com\/index.php?rest_route=\/wp\/v2\/users\/1"}],"replies":[{"embeddable":true,"href":"https:\/\/red360digital.com\/index.php?rest_route=%2Fwp%2Fv2%2Fcomments&post=7539"}],"version-history":[{"count":0,"href":"https:\/\/red360digital.com\/index.php?rest_route=\/wp\/v2\/posts\/7539\/revisions"}],"wp:featuredmedia":[{"embeddable":true,"href":"https:\/\/red360digital.com\/index.php?rest_route=\/wp\/v2\/media\/7541"}],"wp:attachment":[{"href":"https:\/\/red360digital.com\/index.php?rest_route=%2Fwp%2Fv2%2Fmedia&parent=7539"}],"wp:term":[{"taxonomy":"category","embeddable":true,"href":"https:\/\/red360digital.com\/index.php?rest_route=%2Fwp%2Fv2%2Fcategories&post=7539"},{"taxonomy":"post_tag","embeddable":true,"href":"https:\/\/red360digital.com\/index.php?rest_route=%2Fwp%2Fv2%2Ftags&post=7539"}],"curies":[{"name":"wp","href":"https:\/\/api.w.org\/{rel}","templated":true}]}}