{"id":7566,"date":"2022-07-29T17:45:38","date_gmt":"2022-07-29T22:45:38","guid":{"rendered":"https:\/\/red360digital.com\/?p=7566"},"modified":"2022-07-29T22:45:48","modified_gmt":"2022-07-29T22:45:48","slug":"internacional-de-porto-alegre-anuncia-el-fichaje-del-argentino-braian-romero","status":"publish","type":"post","link":"https:\/\/red360digital.com\/?p=7566","title":{"rendered":"Internacional de Porto Alegre anuncia el fichaje del argentino Braian Romero"},"content":{"rendered":"<p><strong>El equipo brasile\u00f1o\u00a0Internacional\u00a0anunci\u00f3 este viernes el fichaje del delantero argentino\u00a0Braian Romero, que estaba en el\u00a0River Plate\u00a0de su pa\u00eds<\/strong><\/p>\n<p>\u00abEl nuevo atacante del Inter es argentino. Bienvenido, Romero\u00bb, escribi\u00f3 en sus redes sociales el equipo de Porto Alegre con una foto del delantero luciendo la emblem\u00e1tica casaca roja del \u00abColorado Ga\u00facho\u00bb.<\/p>\n<p>Seg\u00fan el club, Romero firm\u00f3 un contrato que lo vincula al equipo brasile\u00f1o hasta diciembre de 2024 y medios locales aseguran que Internacional pag\u00f3 un mill\u00f3n de d\u00f3lares por el 50 % de sus derechos.<\/p>\n<p>\u00abSoy un jugador al que le gusta hacer la diagonal, estar bien posicionado para el gol, con mucha garra, mucho coraz\u00f3n. Estoy dispuesto a dejarlo todo en la cancha. Me gusta ayudar a los compa\u00f1eros y correr\u00bb, declar\u00f3 el jugador al canal de televisi\u00f3n del equipo.<\/p>\n<p>El delantero desembarc\u00f3 el jueves en Porto Alegre en compa\u00f1\u00eda de su empresario y este viernes realiz\u00f3 los ex\u00e1menes m\u00e9dicos de rutina previos a la firma del contrato.<\/p>\n<p>Romero, de 31 a\u00f1os, se destac\u00f3 entre 2020 y 2021 como goleador en Defensa y Justicia, pero el a\u00f1o pasado dej\u00f3 al equipo de la ciudad de Florencio Varela para marcharse al poderoso River Plate, con el que disput\u00f3 36 partidos y anot\u00f3 trece goles.<\/p>\n<div class=\"article-body\">\n<p>Antes de su excelente campa\u00f1a con Defensa y Justicia, con el que marc\u00f3 21 goles en 33 partidos, Romero defendi\u00f3 en 2019 al tambi\u00e9n brasile\u00f1o Athletico Paranaense y convirti\u00f3 s\u00f3lo tres tantos en sus 22 actuaciones con el conjunto de Curitiba.<\/p>\n<\/div>\n<footer class=\"article-footer\">\n<div class=\"sponsored-links\">\n<div class=\"sponsored-headlines\">\n<div id=\"taboola-container-554622\" class=\"taboola-container trc_related_container trc_spotlight_widget trc_elastic trc_elastic_thumbnails-3x1-a \" data-network=\"espn-network-es\" data-src=\"https:\/\/www.espn.com.ar\/futbol\/brasil\/nota\/_\/id\/10698956\/internacional-fichaje-braian-romero\" data-type=\"article\" data-mode=\"thumbnails-3x1-a\" data-placement=\"story\" data-target-type=\"mix\" data-placement-name=\"story\">\n<div class=\"trc_rbox_container\">\n<div>\n<div id=\"trc_wrapper_75796\" class=\"trc_rbox thumbnails-3x1-a trc-content-sponsored \">\n<div id=\"trc_header_75796\" class=\"trc_rbox_header trc_rbox_border_elm\">\n<div class=\"trc_header_ext\"><\/div>\n<\/div>\n<\/div>\n<\/div>\n<\/div>\n<\/div>\n<\/div>\n<\/div>\n<\/footer>\n","protected":false},"excerpt":{"rendered":"<p>El equipo brasile\u00f1o\u00a0Internacional\u00a0anunci\u00f3 este viernes el fichaje del delantero argentino\u00a0Braian Romero, que estaba en el\u00a0River Plate\u00a0de su pa\u00eds \u00abEl nuevo atacante del Inter es argentino. Bienvenido, Romero\u00bb, escribi\u00f3 en sus redes sociales el equipo de Porto Alegre con una foto del delantero luciendo la emblem\u00e1tica casaca roja del \u00abColorado Ga\u00facho\u00bb. Seg\u00fan el club, Romero firm\u00f3 [&hellip;]<\/p>\n","protected":false},"author":1,"featured_media":7568,"comment_status":"open","ping_status":"closed","sticky":false,"template":"","format":"standard","meta":{"footnotes":""},"categories":[3,4,5],"tags":[],"class_list":["post-7566","post","type-post","status-publish","format-standard","has-post-thumbnail","hentry","category-deportes","category-espectaculos","category-internacional"],"_links":{"self":[{"href":"https:\/\/red360digital.com\/index.php?rest_route=\/wp\/v2\/posts\/7566","targetHints":{"allow":["GET"]}}],"collection":[{"href":"https:\/\/red360digital.com\/index.php?rest_route=\/wp\/v2\/posts"}],"about":[{"href":"https:\/\/red360digital.com\/index.php?rest_route=\/wp\/v2\/types\/post"}],"author":[{"embeddable":true,"href":"https:\/\/red360digital.com\/index.php?rest_route=\/wp\/v2\/users\/1"}],"replies":[{"embeddable":true,"href":"https:\/\/red360digital.com\/index.php?rest_route=%2Fwp%2Fv2%2Fcomments&post=7566"}],"version-history":[{"count":0,"href":"https:\/\/red360digital.com\/index.php?rest_route=\/wp\/v2\/posts\/7566\/revisions"}],"wp:featuredmedia":[{"embeddable":true,"href":"https:\/\/red360digital.com\/index.php?rest_route=\/wp\/v2\/media\/7568"}],"wp:attachment":[{"href":"https:\/\/red360digital.com\/index.php?rest_route=%2Fwp%2Fv2%2Fmedia&parent=7566"}],"wp:term":[{"taxonomy":"category","embeddable":true,"href":"https:\/\/red360digital.com\/index.php?rest_route=%2Fwp%2Fv2%2Fcategories&post=7566"},{"taxonomy":"post_tag","embeddable":true,"href":"https:\/\/red360digital.com\/index.php?rest_route=%2Fwp%2Fv2%2Ftags&post=7566"}],"curies":[{"name":"wp","href":"https:\/\/api.w.org\/{rel}","templated":true}]}}