{"id":7752,"date":"2022-08-06T16:19:38","date_gmt":"2022-08-06T21:19:38","guid":{"rendered":"https:\/\/red360digital.com\/?p=7752"},"modified":"2022-08-06T21:19:48","modified_gmt":"2022-08-06T21:19:48","slug":"inicia-jurassic-camp-campamento-de-verano-en-uno-de-los-zoologicos-de-tamaulipas","status":"publish","type":"post","link":"https:\/\/red360digital.com\/?p=7752","title":{"rendered":"Inicia Jurassic Camp, campamento de verano en uno de los zool\u00f3gicos de Tamaulipas"},"content":{"rendered":"<h4 class=\"subtitle\" style=\"text-align: center;\">As\u00ed se vivi\u00f3 el inicio de Jurassic Camp, este campamento de verano en un zool\u00f3gico de Tamaulipas<\/h4>\n<div class=\"lead-gallery \">\n<div class=\"teaser  owl-carousel owl-theme\">\n<div class=\"owl-wrapper-outer\">\n<div class=\"owl-wrapper\">\n<div class=\"owl-item\">\n<div class=\"img-container picture\">\n<div id=\"standard_1\" class=\"st-placement standard_1 inImage\">\n<div class=\"st-adunit st-adunit-tagged st-reset st-show\">\n<div class=\"st-adunit-ad st-reset\">\n<div class=\"st-display-render st-reset\">\n<div class=\"st-reset\">\n<div class=\"important-styled st-canvas-container open WideSkyscraper display-standard fssquz2\">\n<div class=\"important-styled st-canvas-el fhxwyqa\">\n<div class=\"important-styled st-canvas-container undefined fssquz2\">\n<div class=\"important-styled st-canvas-el fexmm82\">\n<div class=\"important-styled st-canvas-container undefined fssquz2\">\n<div class=\"important-styled st-canvas-el f2ovl82\">\n<div class=\"important-styled f7gvnlv\">\n<p>Con la participaci\u00f3n de 101 ni\u00f1as y ni\u00f1os con muchas ganas de pasar grandes momentos con los animales que habitan el recinto, as\u00ed se vivi\u00f3 el inicio del\u00a0<b>Jurassic Camp<\/b>, el\u00a0<b>campamento de verano<\/b>\u00a0en un\u00a0<b>zool\u00f3gico\u00a0de Tamaulipas<\/b>.<\/p>\n<p>Se trata de una actividad que inici\u00f3 el jueves 4 y es organizada por el Gobierno de<b>\u00a0Nuevo Laredo<\/b>, destinada a peque\u00f1as y peque\u00f1os de 6 a 13 a\u00f1os de edad, en la que podr\u00e1n alimentar a los animales, convivir y aprender de ellos, entre otras actividades educativas y recreativas.<\/p>\n<h2><b>Buscan ense\u00f1ar en los ni\u00f1os el cuidado del medio ambiente<\/b><\/h2>\n<p>Leticia Meneses Camino, secretaria de\u00a0<b>Bienestar Social\u00a0<\/b>municipal, dio unas palabras de bienvenida a los campistas, adem\u00e1s explic\u00f3 a ellos y a los padres de familia las actividades que realizar\u00e1n durante el periodo del campamento.<\/p>\n<p>\u201cEn este campamento daremos lecciones sobre el cuidado animal y del medio ambiente, tambi\u00e9n fomentaremos la reactivaci\u00f3n social que se perdi\u00f3 a ra\u00edz de la pandemia\u201d, dijo.<\/p>\n<p>Y a\u00f1adi\u00f3: \u201cLos ni\u00f1os tendr\u00e1n los tratos y cuidados que merecen y por eso sabemos que los padres de familia estar\u00e1n tranquilos durante estas actividades, todo esto es una encomienda de la alcaldesa Carmen Lilia Canturosas Villarreal\u201d.<\/p>\n<h2><b>\u00bfQu\u00e9 actividades realizar\u00e1n los peque\u00f1os?<\/b><\/h2>\n<p>Los peque\u00f1os participantes recibieron uniformes, gorras y alimentos, y este viernes reiniciar\u00e1n actividades a partir de las 17:00 horas, y se quedar\u00e1n a dormir en el\u00a0<b>zool\u00f3gico<\/b>\u00a0hasta el s\u00e1bado, d\u00eda en el que el campamento finaliza, a las 17:00 horas, por lo que se pide a los padres de familia estar media hora antes de concluir.<\/p>\n<p>Durante la noche del s\u00e1bado, los menores disfrutar\u00e1n una fogata, har\u00e1n un recorrido nocturno, ver\u00e1n una pel\u00edcula en el teatro, por mencionar algunas de sus actividades.<\/p>\n<p>Para dar mayor organizaci\u00f3n y seguridad, los menores han sido divididos en 3 grupos que denominaron como<b>\u00a0\u201ctribus\u201d<\/b>, y se cuenta con la participaci\u00f3n de 20 gu\u00edas voluntarios que reforzar\u00e1n la vigilancia de los campistas.<\/p>\n<h2><b>\u201cSon actividades que se quedar\u00e1n en su memoria\u201d<\/b><\/h2>\n<p>Laura Beatriz Santana, madre de una ni\u00f1a de 9 a\u00f1os, coment\u00f3 que su hija estaba muy contenta por iniciar el campamento que brindar\u00e1 experiencias y conocimientos a su ni\u00f1a.<\/p>\n<p>\u201cSon actividades que se quedar\u00e1n en su memoria y que disfrutar\u00e1n mucho, adem\u00e1s estar\u00e1n bien cuidados por los gu\u00edas y les proporcionar\u00e1n a los ni\u00f1os todo lo que necesiten\u201d, expres\u00f3.<\/p>\n<article class=\"content-continued-body clearfix \">\n<div id=\"content-body-5851641-8698789\">\n<p>El campamento es a puerta cerrada y por esa raz\u00f3n, el\u00a0<b>zool\u00f3gico<\/b>\u00a0estar\u00e1 cerrado los d\u00edas 4, 5 y 6 de agosto, pero volver\u00e1 a su horario regular a partir del domingo. El acuario seguir\u00e1 abierto durante estas fechas. As\u00ed se vivi\u00f3 el inicio del\u00a0<b>Jurassic Camp<\/b>, el campamento de verano en un\u00a0<b>zool\u00f3gico<\/b>\u00a0de\u00a0<b>Tamaulipas<\/b>.<\/p>\n<\/div>\n<\/article>\n<\/div>\n<\/div>\n<\/div>\n<\/div>\n<\/div>\n<\/div>\n<\/div>\n<\/div>\n<\/div>\n<\/div>\n<\/div>\n<\/div>\n<\/div>\n<\/div>\n<\/div>\n<\/div>\n<\/div>\n<\/div>\n","protected":false},"excerpt":{"rendered":"<p>As\u00ed se vivi\u00f3 el inicio de Jurassic Camp, este campamento de verano en un zool\u00f3gico de Tamaulipas Con la participaci\u00f3n de 101 ni\u00f1as y ni\u00f1os con muchas ganas de pasar grandes momentos con los animales que habitan el recinto, as\u00ed se vivi\u00f3 el inicio del\u00a0Jurassic Camp, el\u00a0campamento de verano\u00a0en un\u00a0zool\u00f3gico\u00a0de Tamaulipas. Se trata de una [&hellip;]<\/p>\n","protected":false},"author":1,"featured_media":7754,"comment_status":"open","ping_status":"closed","sticky":false,"template":"","format":"standard","meta":{"footnotes":""},"categories":[2,7],"tags":[],"class_list":["post-7752","post","type-post","status-publish","format-standard","has-post-thumbnail","hentry","category-cultural","category-nacional"],"_links":{"self":[{"href":"https:\/\/red360digital.com\/index.php?rest_route=\/wp\/v2\/posts\/7752","targetHints":{"allow":["GET"]}}],"collection":[{"href":"https:\/\/red360digital.com\/index.php?rest_route=\/wp\/v2\/posts"}],"about":[{"href":"https:\/\/red360digital.com\/index.php?rest_route=\/wp\/v2\/types\/post"}],"author":[{"embeddable":true,"href":"https:\/\/red360digital.com\/index.php?rest_route=\/wp\/v2\/users\/1"}],"replies":[{"embeddable":true,"href":"https:\/\/red360digital.com\/index.php?rest_route=%2Fwp%2Fv2%2Fcomments&post=7752"}],"version-history":[{"count":0,"href":"https:\/\/red360digital.com\/index.php?rest_route=\/wp\/v2\/posts\/7752\/revisions"}],"wp:featuredmedia":[{"embeddable":true,"href":"https:\/\/red360digital.com\/index.php?rest_route=\/wp\/v2\/media\/7754"}],"wp:attachment":[{"href":"https:\/\/red360digital.com\/index.php?rest_route=%2Fwp%2Fv2%2Fmedia&parent=7752"}],"wp:term":[{"taxonomy":"category","embeddable":true,"href":"https:\/\/red360digital.com\/index.php?rest_route=%2Fwp%2Fv2%2Fcategories&post=7752"},{"taxonomy":"post_tag","embeddable":true,"href":"https:\/\/red360digital.com\/index.php?rest_route=%2Fwp%2Fv2%2Ftags&post=7752"}],"curies":[{"name":"wp","href":"https:\/\/api.w.org\/{rel}","templated":true}]}}