{"id":7917,"date":"2022-08-13T10:45:55","date_gmt":"2022-08-13T15:45:55","guid":{"rendered":"https:\/\/red360digital.com\/?p=7917"},"modified":"2022-08-13T15:46:04","modified_gmt":"2022-08-13T15:46:04","slug":"reinstalaran-a-magistrado-en-tamaulipas-asi-lo-aprobo-un-juez-federal","status":"publish","type":"post","link":"https:\/\/red360digital.com\/?p=7917","title":{"rendered":"Reinstalar\u00e1n a magistrado en Tamaulipas, as\u00ed lo aprob\u00f3 un juez federal"},"content":{"rendered":"<h4 class=\"subtitle\" style=\"text-align: center;\">Un juez federal aprob\u00f3 que reinstalar\u00e1n al magistrado Javier Valdez en Tamaulipas<\/h4>\n<div class=\"lead-gallery \">\n<div class=\"teaser  owl-carousel owl-theme\">\n<div class=\"owl-wrapper-outer\">\n<div class=\"owl-wrapper\">\n<div class=\"owl-item\">\n<div class=\"img-container picture\">\n<div id=\"standard_1\" class=\"st-placement standard_1 inImage\">\n<p>El Congreso de Tamaulipas recibi\u00f3 la notificaci\u00f3n de que un\u00a0<b>juez federal<\/b>\u00a0orden\u00f3 la reinstalaci\u00f3n de un\u00a0<b>magistrado<\/b>\u00a0del\u00a0<b>Poder Judicial\u00a0del Estado<\/b>,\u00a0<b>Javier Valdez Perales<\/b>.<\/p>\n<p>En la lectura de correspondencia de la reuni\u00f3n de la diputaci\u00f3n permanente se inform\u00f3 que recibieron los oficios 7815\/2022 y 7816\/2022 en los que se anuncia la sentencia emitida bajo el amparo 1155\/2021, del\u00a0<b>Juzgado Decimosegundo de Distrito en el Estado<\/b>.<\/p>\n<p>De acuerdo con informaci\u00f3n de esta C\u00e1mara local, el magistrado\u00a0<b>Javier Valdez Perales<\/b>\u00a0debe ser reinstalado en su cargo, por lo que el nombramiento de\u00a0<b>Aar\u00f3n Joel Medina Ladr\u00f3n de Guevara,<\/b>\u00a0quedar\u00eda sin efecto.<\/p>\n<h2><b>Preparan sesi\u00f3n extraordinaria<\/b><\/h2>\n<p>Derivado del recibimiento de esta correspondencia a la que se dio lectura en un principio de la sesi\u00f3n, la\u00a0<b>Diputaci\u00f3n Permanente<\/b>\u00a0convocar\u00e1 a una sesi\u00f3n extraordinaria.<\/p>\n<p>\u201c<i>Es ya de dominio p\u00fablico una resoluci\u00f3n que emite un juez federal respecto a poder reinstalar a un magistrado de sala regional y eso es lo que motiva a un cumplimiento que podr\u00eda detonar en una -sesi\u00f3n- extraordinaria que estaremos anunciado<\/i>\u201d, declar\u00f3 el presidente de la Junta de Coordinaci\u00f3n Pol\u00edtica (Jucopo),\u00a0<b>F\u00e9lix Fernando Garc\u00eda Aguiar<\/b>.<\/p>\n<p>Previo a finalizar esta reuni\u00f3n, Garc\u00eda Aguiar, quien adem\u00e1s es l\u00edder de los panistas, pidi\u00f3 a los integrantes votar sobre la nueva sesi\u00f3n extraordinaria, misma que se aprob\u00f3 por unanimidad.<\/p>\n<p>Ser\u00e1 en la siguiente sesi\u00f3n del 17 de agosto cuando se establezca la fecha para la cita extraordinaria.<\/p>\n<p>A diferencia de otros comit\u00e9s de esta 65 legislatura, en esta ocasi\u00f3n los congresistas sesionaron sin conflictos, pleitos y acusaciones pese a que no coincidieron en algunas iniciativas y dictamines.<\/p>\n<h3><b>Imelda Sanmiguel pide licencia<\/b><\/h3>\n<p>La legisladora local del Partido Acci\u00f3n Nacional (PAN),\u00a0<b>Imelda Sanmiguel S\u00e1nchez<\/b>, quien presidi\u00f3 la Mesa Directiva del periodo anterior, en medio de denuncias de violencia pol\u00edtica y de una agresi\u00f3n con una \u00e1nfora de cristal que se present\u00f3 en el cierre solicit\u00f3 licencia para separarse de su cargo.<\/p>\n<p>Esta solicitud fue aprobada por la\u00a0<b>Diputaci\u00f3n Permanente<\/b>, bajo el acuerdo de unanimidad; Sanmiguel S\u00e1nchez, quien logr\u00f3 la reelecci\u00f3n en este periodo, es uno de los nombres que se han manejado para dirigir al\u00a0<b>Comit\u00e9 Ejecutivo Estatal del<\/b><\/p>\n<p>Garc\u00eda Aguiar, quien anunci\u00f3 que sesionar\u00e1 de forma extraordinaria sobre la reinstalaci\u00f3n a\u00a0<b>magistrado en Tamaulipas<\/b>, Javier Valdez Perales, en cuanto a la elecci\u00f3n panista destac\u00f3 se desarrollar\u00e1 en medio de un proceso de respeto.<\/p>\n<div class=\"ece_incoming\nmedia \"><\/p>\n<div class=\"teaser \">\n<div class=\"img-container picture\">\n<div id=\"standard_6\" class=\"st-placement standard_6 inImageRestricted\"><\/div>\n<\/div>\n<\/div>\n<\/div>\n<\/div>\n<\/div>\n<\/div>\n<\/div>\n<\/div>\n<\/div>\n<\/div>\n","protected":false},"excerpt":{"rendered":"<p>Un juez federal aprob\u00f3 que reinstalar\u00e1n al magistrado Javier Valdez en Tamaulipas El Congreso de Tamaulipas recibi\u00f3 la notificaci\u00f3n de que un\u00a0juez federal\u00a0orden\u00f3 la reinstalaci\u00f3n de un\u00a0magistrado\u00a0del\u00a0Poder Judicial\u00a0del Estado,\u00a0Javier Valdez Perales. En la lectura de correspondencia de la reuni\u00f3n de la diputaci\u00f3n permanente se inform\u00f3 que recibieron los oficios 7815\/2022 y 7816\/2022 en los que [&hellip;]<\/p>\n","protected":false},"author":1,"featured_media":7919,"comment_status":"open","ping_status":"closed","sticky":false,"template":"","format":"standard","meta":{"footnotes":""},"categories":[7,9],"tags":[],"class_list":["post-7917","post","type-post","status-publish","format-standard","has-post-thumbnail","hentry","category-nacional","category-politica"],"_links":{"self":[{"href":"https:\/\/red360digital.com\/index.php?rest_route=\/wp\/v2\/posts\/7917","targetHints":{"allow":["GET"]}}],"collection":[{"href":"https:\/\/red360digital.com\/index.php?rest_route=\/wp\/v2\/posts"}],"about":[{"href":"https:\/\/red360digital.com\/index.php?rest_route=\/wp\/v2\/types\/post"}],"author":[{"embeddable":true,"href":"https:\/\/red360digital.com\/index.php?rest_route=\/wp\/v2\/users\/1"}],"replies":[{"embeddable":true,"href":"https:\/\/red360digital.com\/index.php?rest_route=%2Fwp%2Fv2%2Fcomments&post=7917"}],"version-history":[{"count":0,"href":"https:\/\/red360digital.com\/index.php?rest_route=\/wp\/v2\/posts\/7917\/revisions"}],"wp:featuredmedia":[{"embeddable":true,"href":"https:\/\/red360digital.com\/index.php?rest_route=\/wp\/v2\/media\/7919"}],"wp:attachment":[{"href":"https:\/\/red360digital.com\/index.php?rest_route=%2Fwp%2Fv2%2Fmedia&parent=7917"}],"wp:term":[{"taxonomy":"category","embeddable":true,"href":"https:\/\/red360digital.com\/index.php?rest_route=%2Fwp%2Fv2%2Fcategories&post=7917"},{"taxonomy":"post_tag","embeddable":true,"href":"https:\/\/red360digital.com\/index.php?rest_route=%2Fwp%2Fv2%2Ftags&post=7917"}],"curies":[{"name":"wp","href":"https:\/\/api.w.org\/{rel}","templated":true}]}}