{"id":7938,"date":"2022-08-15T17:02:34","date_gmt":"2022-08-15T22:02:34","guid":{"rendered":"https:\/\/red360digital.com\/?p=7938"},"modified":"2022-08-15T22:02:43","modified_gmt":"2022-08-15T22:02:43","slug":"industriales-del-sur-de-tamaulipas-solicitaran-abasto-de-agua-al-gobernador-electo-americo-villarreal-anaya","status":"publish","type":"post","link":"https:\/\/red360digital.com\/?p=7938","title":{"rendered":"Industriales del Sur de Tamaulipas solicitar\u00e1n abasto de agua al gobernador electo Am\u00e9rico Villarreal Anaya"},"content":{"rendered":"<h4 class=\"subtitle\" style=\"text-align: center;\">Los integrantes de la AISTAC esperan, en breve, reunirse con Am\u00e9rico Villarreal<\/h4>\n<div class=\"lead-gallery \">\n<div class=\"teaser  owl-carousel owl-theme\">\n<div class=\"owl-wrapper-outer\">\n<div class=\"owl-wrapper\">\n<div class=\"owl-item\">\n<div class=\"img-container picture\">\n<div id=\"standard_1\" class=\"st-placement standard_1 inImage\">\n<p><b>Industriales del Sur de Tamaulipas\u00a0<\/b>solicitar\u00e1n al gobernador del estado electo\u00a0<b>Am\u00e9rico Villarreal Anaya<\/b>\u00a0garantizar el abasto de agua en los pr\u00f3ximos a\u00f1os, fortalecer el rubro de seguridad p\u00fablica, conectividad carretera y ferroviaria para que Altamira siga siendo atractivo a m\u00e1s y mejores inversionistas nacionales y extranjeros.<\/p>\n<p><b>Salvador Salazar Herrera<\/b>, gerente de la\u00a0<b>Asociaci\u00f3n de Industriales del Sur de Tamaulipas A.C. (AISTAC)<\/b>, inform\u00f3 que en la actualidad\u00a0<i>\u201cestamos esperando sostener una reuni\u00f3n de acercamiento con el Gobernador electo\u00a0<b>Am\u00e9rico Villarreal Anaya<\/b>\u00a0para plantearle nuestras peticiones, principalmente el rubro del agua que es una de las partes fundamentales para la operatividad de cualquier industria\u201d.<\/i><\/p>\n<p>El entrevistado destac\u00f3 que la principal petici\u00f3n ser\u00e1 el rubro de garantizar el abasto de agua en el mediano y largo plazo, para que esto siga siendo un factor de atraer m\u00e1s y mejores inversiones a\u00a0<b>Altamira<\/b>\u00a0y sur de\u00a0<b>Tamaulipas<\/b>.<\/p>\n<p><i>\u201cRealmente nosotros como industriales estamos pidiendo la garant\u00eda en el abasto de agua, que nos permita la operatividad para los pr\u00f3ximos a\u00f1os, seguimos colaborando en las obras del\u00a0<b>Estero del Camalote<\/b>, pues es algo para nosotros una\u00a0<b>prioridad\u201d<\/b>,<\/i>\u00a0agreg\u00f3 Salazar Herrera.<\/p>\n<p>Adem\u00e1s, el entrevistado destac\u00f3 que otra de las peticiones que plantear\u00e1n al gobernador electo ser\u00e1 continuar fortaleciendo la\u00a0<b>Seguridad P\u00fablica<\/b>, que tambi\u00e9n es otro elemento fundamental para atraer m\u00e1s y mejores inversiones privadas.<\/p>\n<p>Tambi\u00e9n plantear\u00e1n que\u00a0<b>Am\u00e9rico Villarreal Anaya<\/b>\u00a0sea un gestor en mejorar la conectividad y servicio ferroviario para atender la demanda en carga para exportaci\u00f3n e importaci\u00f3n por medio del puerto de\u00a0<b>Altamira<\/b>.<\/p>\n<p>En el rubro de conectividad carretera se continuar\u00e1 solicitando que aquellas que conectan con el sur de Tamaulipas con las entidades vecinas como\u00a0<b>San Luis Potos\u00ed y Veracruz<\/b>\u00a0se contin\u00faen mejorando, principalmente la Valles-Tampico.<\/p>\n<p><i>\u201cNosotros como\u00a0<b>Industriales del Sur de Tamaulipas\u00a0<\/b>queremos ser un actor para atraer m\u00e1s y mejores inversiones extranjeras a la zona sur de la entidad y esas peticiones habremos de plantearle al Gobernador electo en fecha pr\u00f3xima\u201d,<\/i>\u00a0puntualiz\u00f3 Salazar Herrera.<\/p>\n<article class=\"content-continued-body clearfix \">\n<div id=\"content-body-5851641-8742623\">\n<p>Los Industriales del sur de\u00a0<b>Tamaulipas<\/b>\u00a0solicitar\u00e1n al gobernador electo\u00a0<b>Am\u00e9rico Villarreal Anaya<\/b>, garantizar el abasto de agua en los pr\u00f3ximos a\u00f1os, as\u00ed como fortalecer el rubro de seguridad p\u00fablico.<\/p>\n<\/div>\n<\/article>\n<\/div>\n<\/div>\n<\/div>\n<\/div>\n<\/div>\n<\/div>\n<\/div>\n","protected":false},"excerpt":{"rendered":"<p>Los integrantes de la AISTAC esperan, en breve, reunirse con Am\u00e9rico Villarreal Industriales del Sur de Tamaulipas\u00a0solicitar\u00e1n al gobernador del estado electo\u00a0Am\u00e9rico Villarreal Anaya\u00a0garantizar el abasto de agua en los pr\u00f3ximos a\u00f1os, fortalecer el rubro de seguridad p\u00fablica, conectividad carretera y ferroviaria para que Altamira siga siendo atractivo a m\u00e1s y mejores inversionistas nacionales y [&hellip;]<\/p>\n","protected":false},"author":1,"featured_media":7940,"comment_status":"open","ping_status":"closed","sticky":false,"template":"","format":"standard","meta":{"footnotes":""},"categories":[7,9],"tags":[],"class_list":["post-7938","post","type-post","status-publish","format-standard","has-post-thumbnail","hentry","category-nacional","category-politica"],"_links":{"self":[{"href":"https:\/\/red360digital.com\/index.php?rest_route=\/wp\/v2\/posts\/7938","targetHints":{"allow":["GET"]}}],"collection":[{"href":"https:\/\/red360digital.com\/index.php?rest_route=\/wp\/v2\/posts"}],"about":[{"href":"https:\/\/red360digital.com\/index.php?rest_route=\/wp\/v2\/types\/post"}],"author":[{"embeddable":true,"href":"https:\/\/red360digital.com\/index.php?rest_route=\/wp\/v2\/users\/1"}],"replies":[{"embeddable":true,"href":"https:\/\/red360digital.com\/index.php?rest_route=%2Fwp%2Fv2%2Fcomments&post=7938"}],"version-history":[{"count":0,"href":"https:\/\/red360digital.com\/index.php?rest_route=\/wp\/v2\/posts\/7938\/revisions"}],"wp:featuredmedia":[{"embeddable":true,"href":"https:\/\/red360digital.com\/index.php?rest_route=\/wp\/v2\/media\/7940"}],"wp:attachment":[{"href":"https:\/\/red360digital.com\/index.php?rest_route=%2Fwp%2Fv2%2Fmedia&parent=7938"}],"wp:term":[{"taxonomy":"category","embeddable":true,"href":"https:\/\/red360digital.com\/index.php?rest_route=%2Fwp%2Fv2%2Fcategories&post=7938"},{"taxonomy":"post_tag","embeddable":true,"href":"https:\/\/red360digital.com\/index.php?rest_route=%2Fwp%2Fv2%2Ftags&post=7938"}],"curies":[{"name":"wp","href":"https:\/\/api.w.org\/{rel}","templated":true}]}}