{"id":7989,"date":"2022-08-16T16:16:01","date_gmt":"2022-08-16T21:16:01","guid":{"rendered":"https:\/\/red360digital.com\/?p=7989"},"modified":"2022-08-16T21:16:09","modified_gmt":"2022-08-16T21:16:09","slug":"comienza-grabacion-de-pelicula-con-michelle-vieth-en-tamaulipas","status":"publish","type":"post","link":"https:\/\/red360digital.com\/?p=7989","title":{"rendered":"Comienza grabaci\u00f3n de pel\u00edcula con Michelle Vieth en Tamaulipas"},"content":{"rendered":"<h4 class=\"subtitle\" style=\"text-align: center;\">En Tamaulipas ha comenzado la grabaci\u00f3n de una pel\u00edcula con Michelle Vieth como protagonista<\/h4>\n<div class=\"lead-gallery \">\n<div class=\"teaser  owl-carousel owl-theme\">\n<div class=\"owl-wrapper-outer\">\n<div class=\"owl-wrapper\">\n<div class=\"owl-item\">\n<div class=\"img-container picture\">\n<div id=\"standard_1\" class=\"st-placement standard_1 inImage\">\n<div class=\"st-adunit st-adunit-tagged st-reset st-show\">\n<div class=\"st-adunit-ad st-reset\">\n<div class=\"st-display-render st-reset\">\n<div class=\"st-reset\">\n<div class=\"important-styled st-canvas-container open Leaderboard display-standard fssquz2\">\n<div class=\"important-styled st-canvas-el fhxwyqa\">\n<div class=\"important-styled st-canvas-container undefined fssquz2\">\n<div class=\"important-styled st-canvas-el f109lpwv\">\n<div class=\"important-styled st-canvas-container undefined fssquz2\">\n<div class=\"important-styled st-canvas-el fhxwyqa\">\n<div class=\"important-styled f1m7i34m\">\n<p>La filmaci\u00f3n de la pel\u00edcula\u00a0<i>\u201cLa Loca del Reforma\u201d<\/i>, protagonizada por\u00a0Michelle Vieth comenz\u00f3 su rodaje en Matamoros, Tamaulipas, este lunes 15 de agosto. La actriz, as\u00ed como parte del elenco y equipo de producci\u00f3n del filme, firmaron el libro de visitantes distinguidos de la ciudad.<\/p>\n<p>El alcalde\u00a0<b>Mario Alberto L\u00f3pez Hern\u00e1ndez<\/b>, afirm\u00f3 que este rodaje vendr\u00e1 a dar fortaleza a Matamoros en el \u00e1mbito de la cultura, y a\u00f1adi\u00f3 que es un privilegio contar en el municipio fronterizo con talento de primer nivel.\u00a0<i>\u201cQuiero decirles que aqu\u00ed en Matamoros tenemos la vieja tradici\u00f3n de hacer amigos para siempre\u201d,<\/i>\u00a0dijo.<\/p>\n<h2><b>\u00abLlevaremos el nombre de Matamoros muy alto\u00bb: Michelle Vieth en Tamaulipas<\/b><\/h2>\n<p>\u201cMuch\u00edsimas gracias por recibirnos con los brazos abiertos en esta gran ciudad, a todo el equipo de<i>\u00a0\u2018La Loca del Reforma\u2019<\/i>\u00a0llevaremos con orgullo y amor el nombre de Matamoros muy alto por el mundo, con todo mi cari\u00f1o, respeto y admiraci\u00f3n\u201d, escribi\u00f3<b>\u00a0Michelle Vieth\u00a0<\/b>en el libro de visitantes distinguidos.<\/p>\n<p>En su mensaje dirigido a los matamorenses, la actriz y conductora de televisi\u00f3n agradeci\u00f3 al alcalde Mario L\u00f3pez Hern\u00e1ndez y a su esposa Marsella Huerta por recibirla en\u00a0<b>Matamoros<\/b>.<\/p>\n<div id=\"standard_8\" class=\"st-placement standard_8 inArticle\">\n<div class=\"st-adunit-inarticle st-inarticle-slot\">\n<div class=\"st-adunit st-adunit-tagged st-reset st-show\">\n<div class=\"st-adunit-ad st-reset\">\n<div class=\"st-display-render st-reset\">\n<div class=\"st-reset\">\n<div class=\"important-styled st-canvas-container open Billboard_970x250 display-standard fssquz2\">\n<div class=\"important-styled st-canvas-el fhxwyqa\">\n<div class=\"important-styled st-canvas-container undefined fssquz2\">\n<div class=\"important-styled st-canvas-el fu4ezf9\">\n<div class=\"important-styled st-canvas-container undefined fssquz2\">\n<div class=\"important-styled st-canvas-el fpnjtgy\">\n<div class=\"important-styled f1aojdez\">\n<p><i>\u201cUna ciudad llena de cultura y de historia; nosotros hablaremos de las cosas buenas que pasan en\u00a0<b>Matamoros<\/b>\u00a0y en M\u00e9xico; orgullosamente soy acapulque\u00f1a, soy mexicana y demostraremos que M\u00e9xico es \u00fanico, que como M\u00e9xico no hay dos\u201d,<\/i>\u00a0dijo.<\/p>\n<p>Tambi\u00e9n firmaron el libro el actor\u00a0<b>Mick Garc\u00eda; Michelle Ampudia<\/b>, hija de la actriz principal y quien participar\u00e1 en el filme; as\u00ed como tambi\u00e9n la matamorense Ana Gabriela Torres, guionista de la pel\u00edcula.<\/p>\n<h2><b>\u00bfDe qu\u00e9 trata \u00abLa loca del Reforma\u00bb pel\u00edcula que se filma en Tamaulipas con Michelle Vieth?<\/b><\/h2>\n<p>Se estima que el rodaje de\u00a0<i>\u2018La Loca del Reforma\u2019<\/i>\u00a0durar\u00e1 21 d\u00edas, y tendr\u00e1 como escenarios el teatro de la Reforma, la\u00a0<b>Iglesia Catedral<\/b>, la playa Bagdad y el centro de la ciudad. Contar\u00e1 con talento local el cual estar\u00e1 trabajando en aspectos como vestuario, m\u00fasica, as\u00ed como la participaci\u00f3n de actores y actrices matamorenses. Tambi\u00e9n participa Sim\u00f3n Bross, uno de los productores m\u00e1s galardonados en\u00a0<b>Am\u00e9rica Latina<\/b>.<\/p>\n<p>De acuerdo a lo que ha dado a conocer el equipo de producci\u00f3n,\u00a0<i>\u201cLa loca del Reforma\u201d\u00a0<\/i>es una historia de amor, de decepci\u00f3n y con algo de realismo m\u00e1gico,\u00a0pel\u00edcula con Michelle Vieth\u00a0como protagonista y que ha iniciado su grabaci\u00f3n en\u00a0<b>Tamaulipas<\/b>.<\/p>\n<\/div>\n<\/div>\n<\/div>\n<\/div>\n<\/div>\n<\/div>\n<\/div>\n<\/div>\n<\/div>\n<\/div>\n<\/div>\n<\/div>\n<\/div>\n<\/div>\n<\/div>\n<\/div>\n<\/div>\n<\/div>\n<\/div>\n<\/div>\n<\/div>\n<\/div>\n<\/div>\n<\/div>\n<\/div>\n<\/div>\n<\/div>\n<\/div>\n<\/div>\n<\/div>\n<\/div>\n","protected":false},"excerpt":{"rendered":"<p>En Tamaulipas ha comenzado la grabaci\u00f3n de una pel\u00edcula con Michelle Vieth como protagonista La filmaci\u00f3n de la pel\u00edcula\u00a0\u201cLa Loca del Reforma\u201d, protagonizada por\u00a0Michelle Vieth comenz\u00f3 su rodaje en Matamoros, Tamaulipas, este lunes 15 de agosto. La actriz, as\u00ed como parte del elenco y equipo de producci\u00f3n del filme, firmaron el libro de visitantes distinguidos [&hellip;]<\/p>\n","protected":false},"author":1,"featured_media":7991,"comment_status":"open","ping_status":"closed","sticky":false,"template":"","format":"standard","meta":{"footnotes":""},"categories":[4,7],"tags":[],"class_list":["post-7989","post","type-post","status-publish","format-standard","has-post-thumbnail","hentry","category-espectaculos","category-nacional"],"_links":{"self":[{"href":"https:\/\/red360digital.com\/index.php?rest_route=\/wp\/v2\/posts\/7989","targetHints":{"allow":["GET"]}}],"collection":[{"href":"https:\/\/red360digital.com\/index.php?rest_route=\/wp\/v2\/posts"}],"about":[{"href":"https:\/\/red360digital.com\/index.php?rest_route=\/wp\/v2\/types\/post"}],"author":[{"embeddable":true,"href":"https:\/\/red360digital.com\/index.php?rest_route=\/wp\/v2\/users\/1"}],"replies":[{"embeddable":true,"href":"https:\/\/red360digital.com\/index.php?rest_route=%2Fwp%2Fv2%2Fcomments&post=7989"}],"version-history":[{"count":0,"href":"https:\/\/red360digital.com\/index.php?rest_route=\/wp\/v2\/posts\/7989\/revisions"}],"wp:featuredmedia":[{"embeddable":true,"href":"https:\/\/red360digital.com\/index.php?rest_route=\/wp\/v2\/media\/7991"}],"wp:attachment":[{"href":"https:\/\/red360digital.com\/index.php?rest_route=%2Fwp%2Fv2%2Fmedia&parent=7989"}],"wp:term":[{"taxonomy":"category","embeddable":true,"href":"https:\/\/red360digital.com\/index.php?rest_route=%2Fwp%2Fv2%2Fcategories&post=7989"},{"taxonomy":"post_tag","embeddable":true,"href":"https:\/\/red360digital.com\/index.php?rest_route=%2Fwp%2Fv2%2Ftags&post=7989"}],"curies":[{"name":"wp","href":"https:\/\/api.w.org\/{rel}","templated":true}]}}