{"id":8082,"date":"2022-08-20T11:18:54","date_gmt":"2022-08-20T16:18:54","guid":{"rendered":"https:\/\/red360digital.com\/?p=8082"},"modified":"2022-08-20T16:19:03","modified_gmt":"2022-08-20T16:19:03","slug":"en-tamaulipas-detienen-a-un-nino-de-12-anos-era-lider-de-una-banda-de-asaltantes","status":"publish","type":"post","link":"https:\/\/red360digital.com\/?p=8082","title":{"rendered":"En Tamaulipas, detienen a un ni\u00f1o de 12 a\u00f1os\u2026 era l\u00edder de una banda de asaltantes"},"content":{"rendered":"<p>En Reynosa, Tamaulipas fue detenido un ni\u00f1o de tan solo 12 a\u00f1os, l\u00edder de una banda de asaltantes.<\/p>\n<p>Fue gracias al apoyo de vecinos que, elementos de la Fiscal\u00eda General de Justicia de Tamaulipas lograron la detenci\u00f3n del menor que est\u00e1 relacionado con al menos 3 asaltos a tiendas de conveniencia.<\/p>\n<p>Autoridades confirmaron la participaci\u00f3n del ni\u00f1o en estos atracos que dejaron alrededor de 50 mil pesos en p\u00e9rdidas econ\u00f3micas para los establecimiento.<\/p>\n<p>Se inform\u00f3 que el menor podr\u00eda ser el l\u00edder de una banda de asaltantes.<\/p>\n<p>El ni\u00f1o fue puesto a disposici\u00f3n por las autoridades competentes, quienes determinar\u00e1n qu\u00e9 proceso se llevar\u00e1 a cabo, pues el menor cuenta con denuncias interpuestas en su contra.<\/p>\n","protected":false},"excerpt":{"rendered":"<p>En Reynosa, Tamaulipas fue detenido un ni\u00f1o de tan solo 12 a\u00f1os, l\u00edder de una banda de asaltantes. Fue gracias al apoyo de vecinos que, elementos de la Fiscal\u00eda General de Justicia de Tamaulipas lograron la detenci\u00f3n del menor que est\u00e1 relacionado con al menos 3 asaltos a tiendas de conveniencia. Autoridades confirmaron la participaci\u00f3n [&hellip;]<\/p>\n","protected":false},"author":1,"featured_media":8084,"comment_status":"open","ping_status":"closed","sticky":false,"template":"","format":"standard","meta":{"footnotes":""},"categories":[7,8],"tags":[],"class_list":["post-8082","post","type-post","status-publish","format-standard","has-post-thumbnail","hentry","category-nacional","category-policia"],"_links":{"self":[{"href":"https:\/\/red360digital.com\/index.php?rest_route=\/wp\/v2\/posts\/8082","targetHints":{"allow":["GET"]}}],"collection":[{"href":"https:\/\/red360digital.com\/index.php?rest_route=\/wp\/v2\/posts"}],"about":[{"href":"https:\/\/red360digital.com\/index.php?rest_route=\/wp\/v2\/types\/post"}],"author":[{"embeddable":true,"href":"https:\/\/red360digital.com\/index.php?rest_route=\/wp\/v2\/users\/1"}],"replies":[{"embeddable":true,"href":"https:\/\/red360digital.com\/index.php?rest_route=%2Fwp%2Fv2%2Fcomments&post=8082"}],"version-history":[{"count":0,"href":"https:\/\/red360digital.com\/index.php?rest_route=\/wp\/v2\/posts\/8082\/revisions"}],"wp:featuredmedia":[{"embeddable":true,"href":"https:\/\/red360digital.com\/index.php?rest_route=\/wp\/v2\/media\/8084"}],"wp:attachment":[{"href":"https:\/\/red360digital.com\/index.php?rest_route=%2Fwp%2Fv2%2Fmedia&parent=8082"}],"wp:term":[{"taxonomy":"category","embeddable":true,"href":"https:\/\/red360digital.com\/index.php?rest_route=%2Fwp%2Fv2%2Fcategories&post=8082"},{"taxonomy":"post_tag","embeddable":true,"href":"https:\/\/red360digital.com\/index.php?rest_route=%2Fwp%2Fv2%2Ftags&post=8082"}],"curies":[{"name":"wp","href":"https:\/\/api.w.org\/{rel}","templated":true}]}}