{"id":8085,"date":"2022-08-20T11:20:20","date_gmt":"2022-08-20T16:20:20","guid":{"rendered":"https:\/\/red360digital.com\/?p=8085"},"modified":"2022-08-20T16:20:28","modified_gmt":"2022-08-20T16:20:28","slug":"determinan-que-el-regreso-a-clases-en-tamaulipas-sera-presencial","status":"publish","type":"post","link":"https:\/\/red360digital.com\/?p=8085","title":{"rendered":"Determinan que el regreso a clases en Tamaulipas ser\u00e1 presencial"},"content":{"rendered":"<p>El Comit\u00e9 Estatal de Seguridad y Salud de Tamaulipas, anunci\u00f3 que el regreso a clases a partir del ciclo escolar 2022-2023 ser\u00e1 de forma presencial en todos los niveles educativos.<\/p>\n<p>Se detall\u00f3 que tras las reuniones realizadas entre el jueves y este viernes, las autoridades del estado acordaron que las actividades escolares ser\u00e1n f\u00edsicas, sin l\u00edmites de horarios.<\/p>\n<p>Este retorno a las aulas se determin\u00f3 luego de que se registre una disminuci\u00f3n en el n\u00famero de contagios de Covid-19, y a que la entidad se encuentra en sem\u00e1foro epidemiol\u00f3gico amarillo.<\/p>\n<p>Sin embargo, se precis\u00f3 que el uso de cubrebocas ser\u00e1 obligatorio en todo momento al interior de las escuelas, para estudiantes y maestros, tanto en las \u00e1reas abiertas y cerradas.<\/p>\n<p>Esto tambi\u00e9n supone el regreso a las actividades f\u00edsicas de aproximadamente 30 mil alumnos de la Universidad Aut\u00f3noma de Tamaulipas.<\/p>\n","protected":false},"excerpt":{"rendered":"<p>El Comit\u00e9 Estatal de Seguridad y Salud de Tamaulipas, anunci\u00f3 que el regreso a clases a partir del ciclo escolar 2022-2023 ser\u00e1 de forma presencial en todos los niveles educativos. Se detall\u00f3 que tras las reuniones realizadas entre el jueves y este viernes, las autoridades del estado acordaron que las actividades escolares ser\u00e1n f\u00edsicas, sin [&hellip;]<\/p>\n","protected":false},"author":1,"featured_media":8087,"comment_status":"open","ping_status":"closed","sticky":false,"template":"","format":"standard","meta":{"footnotes":""},"categories":[2,7],"tags":[],"class_list":["post-8085","post","type-post","status-publish","format-standard","has-post-thumbnail","hentry","category-cultural","category-nacional"],"_links":{"self":[{"href":"https:\/\/red360digital.com\/index.php?rest_route=\/wp\/v2\/posts\/8085","targetHints":{"allow":["GET"]}}],"collection":[{"href":"https:\/\/red360digital.com\/index.php?rest_route=\/wp\/v2\/posts"}],"about":[{"href":"https:\/\/red360digital.com\/index.php?rest_route=\/wp\/v2\/types\/post"}],"author":[{"embeddable":true,"href":"https:\/\/red360digital.com\/index.php?rest_route=\/wp\/v2\/users\/1"}],"replies":[{"embeddable":true,"href":"https:\/\/red360digital.com\/index.php?rest_route=%2Fwp%2Fv2%2Fcomments&post=8085"}],"version-history":[{"count":0,"href":"https:\/\/red360digital.com\/index.php?rest_route=\/wp\/v2\/posts\/8085\/revisions"}],"wp:featuredmedia":[{"embeddable":true,"href":"https:\/\/red360digital.com\/index.php?rest_route=\/wp\/v2\/media\/8087"}],"wp:attachment":[{"href":"https:\/\/red360digital.com\/index.php?rest_route=%2Fwp%2Fv2%2Fmedia&parent=8085"}],"wp:term":[{"taxonomy":"category","embeddable":true,"href":"https:\/\/red360digital.com\/index.php?rest_route=%2Fwp%2Fv2%2Fcategories&post=8085"},{"taxonomy":"post_tag","embeddable":true,"href":"https:\/\/red360digital.com\/index.php?rest_route=%2Fwp%2Fv2%2Ftags&post=8085"}],"curies":[{"name":"wp","href":"https:\/\/api.w.org\/{rel}","templated":true}]}}