{"id":8100,"date":"2022-08-20T11:31:55","date_gmt":"2022-08-20T16:31:55","guid":{"rendered":"https:\/\/red360digital.com\/?p=8100"},"modified":"2022-08-20T16:32:05","modified_gmt":"2022-08-20T16:32:05","slug":"mexico-impulsara-economia-oceanica-sostenible","status":"publish","type":"post","link":"https:\/\/red360digital.com\/?p=8100","title":{"rendered":"M\u00e9xico impulsar\u00e1 econom\u00eda oce\u00e1nica sostenible"},"content":{"rendered":"<p>La Secretar\u00eda de Relaciones Exteriores de M\u00e9xico firm\u00f3 este s\u00e1bado en la ciudad de La Paz, Baja California Sur, un Memor\u00e1ndum de Entendimiento con Alumbra Innovations Foundation, en materia oce\u00e1nica.<\/p>\n<p>En tal sentido, la Canciller\u00eda explic\u00f3 en una nota que el objetivo es cooperar en el desarrollo de conocimientos, capacidades y conciencia en los ciudadanos, industrias y gobierno para impulsar una econom\u00eda oce\u00e1nica sostenible, refiri\u00f3 Prensa Latina.<\/p>\n<p>Se conoci\u00f3, que dicho acuerdo incluye distintas modalidades de colaboraci\u00f3n, entre las que sobresalen promover el desarrollo de un Cl\u00faster Internacional de Innovaci\u00f3n Oce\u00e1nica.<\/p>\n<p>Otro objetivo de estas negociaciones, es impulsar la plena participaci\u00f3n de las comunidades, el sector p\u00fablico y el privado, como catalizadora para generar una econom\u00eda oce\u00e1nica sostenible.<\/p>\n","protected":false},"excerpt":{"rendered":"<p>La Secretar\u00eda de Relaciones Exteriores de M\u00e9xico firm\u00f3 este s\u00e1bado en la ciudad de La Paz, Baja California Sur, un Memor\u00e1ndum de Entendimiento con Alumbra Innovations Foundation, en materia oce\u00e1nica. En tal sentido, la Canciller\u00eda explic\u00f3 en una nota que el objetivo es cooperar en el desarrollo de conocimientos, capacidades y conciencia en los ciudadanos, [&hellip;]<\/p>\n","protected":false},"author":1,"featured_media":8102,"comment_status":"open","ping_status":"closed","sticky":false,"template":"","format":"standard","meta":{"footnotes":""},"categories":[7,9],"tags":[],"class_list":["post-8100","post","type-post","status-publish","format-standard","has-post-thumbnail","hentry","category-nacional","category-politica"],"_links":{"self":[{"href":"https:\/\/red360digital.com\/index.php?rest_route=\/wp\/v2\/posts\/8100","targetHints":{"allow":["GET"]}}],"collection":[{"href":"https:\/\/red360digital.com\/index.php?rest_route=\/wp\/v2\/posts"}],"about":[{"href":"https:\/\/red360digital.com\/index.php?rest_route=\/wp\/v2\/types\/post"}],"author":[{"embeddable":true,"href":"https:\/\/red360digital.com\/index.php?rest_route=\/wp\/v2\/users\/1"}],"replies":[{"embeddable":true,"href":"https:\/\/red360digital.com\/index.php?rest_route=%2Fwp%2Fv2%2Fcomments&post=8100"}],"version-history":[{"count":0,"href":"https:\/\/red360digital.com\/index.php?rest_route=\/wp\/v2\/posts\/8100\/revisions"}],"wp:featuredmedia":[{"embeddable":true,"href":"https:\/\/red360digital.com\/index.php?rest_route=\/wp\/v2\/media\/8102"}],"wp:attachment":[{"href":"https:\/\/red360digital.com\/index.php?rest_route=%2Fwp%2Fv2%2Fmedia&parent=8100"}],"wp:term":[{"taxonomy":"category","embeddable":true,"href":"https:\/\/red360digital.com\/index.php?rest_route=%2Fwp%2Fv2%2Fcategories&post=8100"},{"taxonomy":"post_tag","embeddable":true,"href":"https:\/\/red360digital.com\/index.php?rest_route=%2Fwp%2Fv2%2Ftags&post=8100"}],"curies":[{"name":"wp","href":"https:\/\/api.w.org\/{rel}","templated":true}]}}