{"id":8106,"date":"2022-08-21T12:00:51","date_gmt":"2022-08-21T17:00:51","guid":{"rendered":"https:\/\/red360digital.com\/?p=8106"},"modified":"2022-08-20T18:45:54","modified_gmt":"2022-08-20T18:45:54","slug":"salud-lanzo-recomendaciones-ante-la-exposicion-al-humo-por-incendios","status":"publish","type":"post","link":"https:\/\/red360digital.com\/?p=8106","title":{"rendered":"Salud lanz\u00f3 recomendaciones ante la exposici\u00f3n al humo por incendios"},"content":{"rendered":"<div class=\"detail-header-wrapper\">\n<h4 class=\"excerpt\" style=\"text-align: center;\">Desde el Ministerio de Salud detallaron qu\u00e9 consecuencias se pueden desatar por los incendios en Entre R\u00edos. A continuaci\u00f3n, los tips a tener en cuenta.<\/h4>\n<\/div>\n<div class=\"socials-share\">\n<section class=\"detail-body first-paragraph\">\n<section id=\"note-body\" class=\"body-content note-body content-protected-false\" data-twitter-link=\"https:\/\/twitter.com\/intent\/tweet?url=https:\/\/www.ambito.com\/c5514667&amp;v\u00eda=Ambitocom&amp;related=\u00e1mbito.com&amp;text=\">El\u00a0<strong>Ministerio de\u00a0Salud<\/strong>\u00a0y el\u00a0<strong>Ministerio de Ambiente\u00a0de la provincia de Buenos Aires<\/strong>\u00a0informaron este s\u00e1bado los s\u00edntomas que puede presentar la poblaci\u00f3n ante la<strong>\u00a0exposici\u00f3n al humo<\/strong>\u00a0que afect\u00f3 desde ayer el\u00a0<strong>\u00c1rea Metropolitana de Buenos Aires\u00a0<\/strong>(AMBA) y el\u00a0<strong>noreste del territorio bonaerense<\/strong>\u00a0y recomendaron\u00a0<strong>evitar actividades al aire libre y proteger las v\u00edas respiratorias.<\/strong><\/p>\n<\/section>\n<\/section>\n<div class=\"banner-container\">\n<div id=\"div-gpt-ad-1652308068496-0_parent\" class=\"banner-wrapper free-banner\">\n<div id=\"div-gpt-ad-1652308068496-0\" data-google-query-id=\"CI2O2-GH1vkCFWIRigMdyzcCyw\">\n<section class=\"detail-body second-paragraph\">\n<section class=\"body-content note-body content-protected-false\">Ambas carteras indicaron en un\u00a0<strong>comunicado\u00a0<\/strong>que cuando se\u00a0<strong>quema vegetaci\u00f3n, madera o materiales de construcci\u00f3n<\/strong>, el humo -compuesto por una mezcla de gases y peque\u00f1as part\u00edculas-\u00a0<strong>contamina el aire y afecta la salud y el ambiente.<\/strong><\/p>\n<\/section>\n<\/section>\n<section class=\"related-note-in-body\">\n<article class=\"related-note-in-body-article row align-items-stretch no-gutters  \" data-type=\"article\">\n<div class=\"col-auto\">\n<p>\u00abRespirar este humo puede tener efectos en la salud\u00bb, indicaron, por lo que pidieron que se eviten las actividades al aire libre y en caso de tener que desarrollar tareas usar\u00a0<strong>m\u00e1scaras o barbijos\u00a0<\/strong>para filtrar las part\u00edculas de humo.<\/p>\n<h2>Qui\u00e9nes son los m\u00e1s afectados por el humo<\/h2>\n<p>La poblaci\u00f3n que puede resultar m\u00e1s afectada y los\u00a0<strong>grupos m\u00e1s sensibles<\/strong>\u00a0al humo producido por los<strong>\u00a0incendios<\/strong>\u00a0son las personas mayores, las personas gestantes y los ni\u00f1os.<\/p>\n<p>De igual modo, las personas con\u00a0<strong>afecciones respiratorias y card\u00edacas preexistentes\u00a0<\/strong>y<strong>\u00a0quienes trabajan en ambientes exteriores\u00a0<\/strong>durante incendios, como el cuerpo de bomberos y guardaparques.<\/p>\n<h3>Tips al estar en contacto<\/h3>\n<ol>\n<li>Colocar\u00a0<strong>trapos o toallas enrolladas<\/strong>\u00a0debajo de las aberturas (ventanas y puertas) para\u00a0<strong>evitar el ingreso de humo a las viviendas.<\/strong><\/li>\n<li>Contar con<strong>\u00a0aire acondicionado<\/strong>, pidieron encenderlo cerrando la entrada de aire exterior y\u00a0<strong>manteniendo el filtro limpio p<\/strong>ara mejorar la calidad del aire.<\/li>\n<li>Contar con las\u00a0<strong>vacunas contra la gripe y el neumococo\u00a0<\/strong>para disminuir el\u00a0<strong>riesgo de presentar infecciones respiratorias<\/strong>\u00a0cuyos s\u00edntomas pueden agravarse. Ambas vacunas se encuentran\u00a0<strong>disponibles en vacunatorios de la provincia de Buenos Aires gratuitamente<\/strong>\u00a0para todos los grupos de riesgo.<\/li>\n<li>Consultar al<strong>\u00a0centro de salud u hospital\u00a0<\/strong>m\u00e1s cercano ante cualquier duda.<br \/>\n<h3>Novedades<\/h3>\n<p>La provincia de Buenos Aires se encuentra trabajando para extinguir los\u00a0<strong>focos de fuego existentes<\/strong>, colaborando con Entre R\u00edos y el Sistema Nacional de Manejo de Fuego (SNMF).<\/p>\n<p>Las autoridades indicaron que desde el\u00a0<strong>Consejo de Coordinaci\u00f3n Interministerial de Manejo del Fuego de la Provincia<\/strong>\u00a0se est\u00e1n desarrollando acciones que fortalezcan el<strong>\u00a0sistema de manejo de fuego provincial<\/strong>, analizando la calidad del aire para evaluar las<strong>\u00a0afecciones del humo<\/strong>\u00a0y trabajando en acciones de prevenci\u00f3n.<\/li>\n<\/ol>\n<\/div>\n<\/article>\n<\/section>\n<\/div>\n<\/div>\n<\/div>\n<\/div>\n","protected":false},"excerpt":{"rendered":"<p>Desde el Ministerio de Salud detallaron qu\u00e9 consecuencias se pueden desatar por los incendios en Entre R\u00edos. A continuaci\u00f3n, los tips a tener en cuenta. El\u00a0Ministerio de\u00a0Salud\u00a0y el\u00a0Ministerio de Ambiente\u00a0de la provincia de Buenos Aires\u00a0informaron este s\u00e1bado los s\u00edntomas que puede presentar la poblaci\u00f3n ante la\u00a0exposici\u00f3n al humo\u00a0que afect\u00f3 desde ayer el\u00a0\u00c1rea Metropolitana de Buenos [&hellip;]<\/p>\n","protected":false},"author":1,"featured_media":8108,"comment_status":"open","ping_status":"closed","sticky":false,"template":"","format":"standard","meta":{"footnotes":""},"categories":[2,11],"tags":[],"class_list":["post-8106","post","type-post","status-publish","format-standard","has-post-thumbnail","hentry","category-cultural","category-salud"],"_links":{"self":[{"href":"https:\/\/red360digital.com\/index.php?rest_route=\/wp\/v2\/posts\/8106","targetHints":{"allow":["GET"]}}],"collection":[{"href":"https:\/\/red360digital.com\/index.php?rest_route=\/wp\/v2\/posts"}],"about":[{"href":"https:\/\/red360digital.com\/index.php?rest_route=\/wp\/v2\/types\/post"}],"author":[{"embeddable":true,"href":"https:\/\/red360digital.com\/index.php?rest_route=\/wp\/v2\/users\/1"}],"replies":[{"embeddable":true,"href":"https:\/\/red360digital.com\/index.php?rest_route=%2Fwp%2Fv2%2Fcomments&post=8106"}],"version-history":[{"count":0,"href":"https:\/\/red360digital.com\/index.php?rest_route=\/wp\/v2\/posts\/8106\/revisions"}],"wp:featuredmedia":[{"embeddable":true,"href":"https:\/\/red360digital.com\/index.php?rest_route=\/wp\/v2\/media\/8108"}],"wp:attachment":[{"href":"https:\/\/red360digital.com\/index.php?rest_route=%2Fwp%2Fv2%2Fmedia&parent=8106"}],"wp:term":[{"taxonomy":"category","embeddable":true,"href":"https:\/\/red360digital.com\/index.php?rest_route=%2Fwp%2Fv2%2Fcategories&post=8106"},{"taxonomy":"post_tag","embeddable":true,"href":"https:\/\/red360digital.com\/index.php?rest_route=%2Fwp%2Fv2%2Ftags&post=8106"}],"curies":[{"name":"wp","href":"https:\/\/api.w.org\/{rel}","templated":true}]}}