{"id":8199,"date":"2022-08-25T15:37:20","date_gmt":"2022-08-25T20:37:20","guid":{"rendered":"https:\/\/red360digital.com\/?p=8199"},"modified":"2022-08-25T20:37:29","modified_gmt":"2022-08-25T20:37:29","slug":"situacion-incierta-y-preocupacion-internacional-tras-la-reanudacion-de-los-combates-en-etiopia","status":"publish","type":"post","link":"https:\/\/red360digital.com\/?p=8199","title":{"rendered":"Situaci\u00f3n incierta y preocupaci\u00f3n internacional tras la reanudaci\u00f3n de los combates en Etiop\u00eda"},"content":{"rendered":"<p>La comunidad internacional manifest\u00f3 su preocupaci\u00f3n este jueves por la reanudaci\u00f3n de combates la v\u00edspera en Etiop\u00eda, donde se produjeron enfrentamientos entre el ej\u00e9rcito federal y los rebeldes de la regi\u00f3n de Tigr\u00e9, tras cinco meses de tregua.<\/p>\n<p>Ni el gobierno et\u00edope ni las autoridades rebeldes de Tigr\u00e9 -que se acusan mutuamente de haber desatado los \u00faltimos enfrentamientos- indicaron si los combates se hab\u00edan interrumpido o no, y tampoco respondieron a las preguntas de AFP.<\/p>\n<p>En un comunicado fechado el mi\u00e9rcoles, las autoridades rebeldes de Tigr\u00e9 se limitaron a decir que las fuerzas gubernamentales \u00abno hab\u00edan logrado [&#8230;] quebrar [sus] l\u00edneas de defensa\u00bb.<\/p>\n<p>Los combates, declarados en algunas zonas de las regiones Amhara y Afar, aleda\u00f1as al extremo sureste de Tigr\u00e9, no parec\u00edan haberse extendido.<\/p>\n<p>Pero este repunte de violencia &#8211;que rompi\u00f3 una tregua pactada por ambas partes a finales de marzo&#8211; gener\u00f3 preocupaci\u00f3n en la comunidad internacional, que teme una reanudaci\u00f3n de un conflicto a gran escala.<\/p>\n<p>Desde que estall\u00f3 la guerra, hace 21 meses, miles de personas han muerto y m\u00e1s de dos millones tuvieron que abandonar sus hogares.<\/p>\n<p>&#8211; Llamados internacionales &#8211;<\/p>\n<p>\u00abLas informaciones sobre un reinicio del conflicto en el norte de Etiop\u00eda ensombrecen las perspectivas de paz\u00bb, consider\u00f3 el jefe de la diplomacia de la Uni\u00f3n Europea, Josep Borrell, quien inst\u00f3 a \u00abtodas las partes a desencallar la situaci\u00f3n antes de que degenere de nuevo en una guerra total\u00bb.<\/p>\n<p>El secretario de Estado estadounidense, Antony Blinken, llam\u00f3 a ambas partes a \u00abponer fin definitivamente al conflicto\u00bb.<\/p>\n<p>El jueves, el vice primer ministro et\u00edope y ministro de Relaciones Exteriores Demeke Mekonnen reiter\u00f3, durante una reuni\u00f3n con diplom\u00e1ticos, que \u00abel gobierno est\u00e1 dispuesto a defender la integridad territorial y la soberan\u00eda de la naci\u00f3n\u00bb, seg\u00fan un comunicado.<\/p>\n","protected":false},"excerpt":{"rendered":"<p>La comunidad internacional manifest\u00f3 su preocupaci\u00f3n este jueves por la reanudaci\u00f3n de combates la v\u00edspera en Etiop\u00eda, donde se produjeron enfrentamientos entre el ej\u00e9rcito federal y los rebeldes de la regi\u00f3n de Tigr\u00e9, tras cinco meses de tregua. Ni el gobierno et\u00edope ni las autoridades rebeldes de Tigr\u00e9 -que se acusan mutuamente de haber desatado [&hellip;]<\/p>\n","protected":false},"author":1,"featured_media":8201,"comment_status":"open","ping_status":"closed","sticky":false,"template":"","format":"standard","meta":{"footnotes":""},"categories":[7,9],"tags":[],"class_list":["post-8199","post","type-post","status-publish","format-standard","has-post-thumbnail","hentry","category-nacional","category-politica"],"_links":{"self":[{"href":"https:\/\/red360digital.com\/index.php?rest_route=\/wp\/v2\/posts\/8199","targetHints":{"allow":["GET"]}}],"collection":[{"href":"https:\/\/red360digital.com\/index.php?rest_route=\/wp\/v2\/posts"}],"about":[{"href":"https:\/\/red360digital.com\/index.php?rest_route=\/wp\/v2\/types\/post"}],"author":[{"embeddable":true,"href":"https:\/\/red360digital.com\/index.php?rest_route=\/wp\/v2\/users\/1"}],"replies":[{"embeddable":true,"href":"https:\/\/red360digital.com\/index.php?rest_route=%2Fwp%2Fv2%2Fcomments&post=8199"}],"version-history":[{"count":0,"href":"https:\/\/red360digital.com\/index.php?rest_route=\/wp\/v2\/posts\/8199\/revisions"}],"wp:featuredmedia":[{"embeddable":true,"href":"https:\/\/red360digital.com\/index.php?rest_route=\/wp\/v2\/media\/8201"}],"wp:attachment":[{"href":"https:\/\/red360digital.com\/index.php?rest_route=%2Fwp%2Fv2%2Fmedia&parent=8199"}],"wp:term":[{"taxonomy":"category","embeddable":true,"href":"https:\/\/red360digital.com\/index.php?rest_route=%2Fwp%2Fv2%2Fcategories&post=8199"},{"taxonomy":"post_tag","embeddable":true,"href":"https:\/\/red360digital.com\/index.php?rest_route=%2Fwp%2Fv2%2Ftags&post=8199"}],"curies":[{"name":"wp","href":"https:\/\/api.w.org\/{rel}","templated":true}]}}