{"id":8328,"date":"2022-08-30T15:28:46","date_gmt":"2022-08-30T20:28:46","guid":{"rendered":"https:\/\/red360digital.com\/?p=8328"},"modified":"2022-08-30T20:28:54","modified_gmt":"2022-08-30T20:28:54","slug":"seleccion-mexicana-cuando-y-a-que-hora-es-el-mexico-vs-paraguay","status":"publish","type":"post","link":"https:\/\/red360digital.com\/?p=8328","title":{"rendered":"Selecci\u00f3n Mexicana: \u00bfCu\u00e1ndo y a qu\u00e9 hora es el M\u00e9xico vs Paraguay?"},"content":{"rendered":"<h4 style=\"text-align: center;\">M\u00e9xico celebrar\u00e1 un amistoso esta semana sin sus jugadores que militan en Europa al celebrarse fuera de fecha FIFA.<\/h4>\n<p>La\u00a0<b>Selecci\u00f3n Mexicana<\/b>\u00a0celebrar\u00e1 uno de los partidos amistosos previos al\u00a0<b>Mundial Qatar 2022<\/b>\u00a0en Atlanta, Estados Unidos. El\u00a0<b>\u2018Tata\u2019 Martino<\/b>\u00a0cuenta con una convocatoria alterna ya que no ha podido llamar a los jugadores que se encuentran en Europa al celebrarse el partido fuera de una fecha FIFA.<\/p>\n<p>Por su parte, en\u00a0<b>Paraguay<\/b>\u00a0veremos algunas caras conocidas como\u00a0<b>Antony Silva, Bruno Valdez, Richard S\u00e1nchez<\/b>\u00a0y\u00a0<b>Carlos Gonz\u00e1lez<\/b>, jugadores que militan en la\u00a0<b>Liga MX.<\/b><\/p>\n<h2>\u00bfCu\u00e1ndo y a qu\u00e9 hora es el M\u00e9xico vs Paraguay?<\/h2>\n<ul>\n<li><b>Fecha: mi\u00e9rcoles 1 de agosto<\/b><\/li>\n<li><b>Horario: 20:00 horas (Ciudad de M\u00e9xico)<\/b><\/li>\n<li><b>Lugar: Mercedes-Benz Stadium<\/b><\/li>\n<\/ul>\n<p>La\u00a0<b>Selecci\u00f3n Mexicana<\/b>\u00a0se ha enfrentado en 20 ocasiones a\u00a0<b>Paraguay<\/b>.\u00a0<b>M\u00e9xico<\/b>\u00a0cuenta con un saldo a favor sobre el conjunto que ahora dirige Barros Schelotto con once victorias, cinco empates y cuatro victorias para los paraguayos.<\/p>\n<p>El \u00faltimo partido amistoso entre ambas selecciones se llev\u00f3 a cabo en marzo de 2019 y termin\u00f3 con un marcador de 4-2 a favor de\u00a0<b>M\u00e9xico.<\/b><\/p>\n<h2>Convocados M\u00e9xico vs Paraguay<\/h2>\n<p><mark><b>Porteros<\/b><\/mark><\/p>\n<ul>\n<li>Carlos Acevedo (Santos)<\/li>\n<li>Luis Malag\u00f3n (Necaxa)<\/li>\n<\/ul>\n<p><mark><b>Defensas<\/b><\/mark><\/p>\n<ul>\n<li>Kevin \u00c1lvarez (Pachuca)<\/li>\n<li>Jes\u00fas Gallardo (Monterrey)<\/li>\n<li>C\u00e9sar Montes (Monterrey)<\/li>\n<li>Israel Reyes (Puebla)<\/li>\n<li>Jes\u00fas Angulo (Tigres)<\/li>\n<li>Emilio Lara (Am\u00e9rica)<\/li>\n<li>Luis Reyes (Atlas)\n<p><mark><b>Medios<\/b><\/mark><\/p>\n<ul>\n<li>Uriel Antuna (Cruz Azul)<\/li>\n<li>Fernando Beltr\u00e1n (Guadalajara)<\/li>\n<li>Sebasti\u00e1n C\u00f3rdova (Tigres)<\/li>\n<li>Carlos Rodr\u00edguez (Cruz Azul)<\/li>\n<li>Erick S\u00e1nchez (Pachuca)<\/li>\n<li>Roberto Alvarado (Guadalajara)<\/li>\n<li>Luis Ch\u00e1vez (Pachuca)<\/li>\n<li>Rodolfo Pizarro (Monterrey)<\/li>\n<li>Luis Romo (Monterrey)<\/li>\n<\/ul>\n<p><mark><b>Delanteros<\/b><\/mark><\/p>\n<ul>\n<li>Eduardo Aguirre (Santos)<\/li>\n<li>Henry Mart\u00edn (Am\u00e9rica)<\/li>\n<li>Alexis Vega (Guadalajara)<\/li>\n<\/ul>\n<h2>\u00bfCu\u00e1les son los pr\u00f3ximos amistosos de M\u00e9xico previo al Mundial Qatar 2022?<\/h2>\n<p>Despu\u00e9s del partido ante\u00a0<b>Paraguay<\/b>, la\u00a0<b>Selecci\u00f3n Mexicana<\/b>\u00a0tendr\u00e1 cuatro encuentros m\u00e1s de preparaci\u00f3n rumbo al\u00a0<b>Mundial Qatar 2022<\/b>\u00a0ante\u00a0<b>Per\u00fa<\/b>\u00a0y\u00a0<b>Colombia<\/b>\u00a0en septiembre, posteriormente ante\u00a0<b>Irak<\/b>\u00a0y\u00a0<b>Suecia<\/b>\u00a0en noviembre.<\/li>\n<\/ul>\n","protected":false},"excerpt":{"rendered":"<p>M\u00e9xico celebrar\u00e1 un amistoso esta semana sin sus jugadores que militan en Europa al celebrarse fuera de fecha FIFA. La\u00a0Selecci\u00f3n Mexicana\u00a0celebrar\u00e1 uno de los partidos amistosos previos al\u00a0Mundial Qatar 2022\u00a0en Atlanta, Estados Unidos. El\u00a0\u2018Tata\u2019 Martino\u00a0cuenta con una convocatoria alterna ya que no ha podido llamar a los jugadores que se encuentran en Europa al celebrarse [&hellip;]<\/p>\n","protected":false},"author":1,"featured_media":8330,"comment_status":"open","ping_status":"closed","sticky":false,"template":"","format":"standard","meta":{"footnotes":""},"categories":[3,7],"tags":[],"class_list":["post-8328","post","type-post","status-publish","format-standard","has-post-thumbnail","hentry","category-deportes","category-nacional"],"_links":{"self":[{"href":"https:\/\/red360digital.com\/index.php?rest_route=\/wp\/v2\/posts\/8328","targetHints":{"allow":["GET"]}}],"collection":[{"href":"https:\/\/red360digital.com\/index.php?rest_route=\/wp\/v2\/posts"}],"about":[{"href":"https:\/\/red360digital.com\/index.php?rest_route=\/wp\/v2\/types\/post"}],"author":[{"embeddable":true,"href":"https:\/\/red360digital.com\/index.php?rest_route=\/wp\/v2\/users\/1"}],"replies":[{"embeddable":true,"href":"https:\/\/red360digital.com\/index.php?rest_route=%2Fwp%2Fv2%2Fcomments&post=8328"}],"version-history":[{"count":0,"href":"https:\/\/red360digital.com\/index.php?rest_route=\/wp\/v2\/posts\/8328\/revisions"}],"wp:featuredmedia":[{"embeddable":true,"href":"https:\/\/red360digital.com\/index.php?rest_route=\/wp\/v2\/media\/8330"}],"wp:attachment":[{"href":"https:\/\/red360digital.com\/index.php?rest_route=%2Fwp%2Fv2%2Fmedia&parent=8328"}],"wp:term":[{"taxonomy":"category","embeddable":true,"href":"https:\/\/red360digital.com\/index.php?rest_route=%2Fwp%2Fv2%2Fcategories&post=8328"},{"taxonomy":"post_tag","embeddable":true,"href":"https:\/\/red360digital.com\/index.php?rest_route=%2Fwp%2Fv2%2Ftags&post=8328"}],"curies":[{"name":"wp","href":"https:\/\/api.w.org\/{rel}","templated":true}]}}